{"id":61118,"date":"2018-08-12T11:26:05","date_gmt":"2018-08-12T14:26:05","guid":{"rendered":"http:\/\/caririemacao.com\/1\/?p=61118"},"modified":"2018-08-12T11:26:52","modified_gmt":"2018-08-12T14:26:52","slug":"eleicao-2018-sera-plebiscitaria-ou-e-sim-ou-e-nao-diz-ricardo-coutinho","status":"publish","type":"post","link":"https:\/\/www.caririemacao.com\/1\/2018\/08\/12\/eleicao-2018-sera-plebiscitaria-ou-e-sim-ou-e-nao-diz-ricardo-coutinho\/","title":{"rendered":"Elei\u00e7\u00e3o 2018 ser\u00e1 plebiscit\u00e1ria; \u201cOu \u00e9 sim ou \u00e9 n\u00e3o\u201d, diz Ricardo Coutinho"},"content":{"rendered":"<div class=\"td-header-wrap td-header-style-8\">\n<div class=\"td-header-menu-wrap-full td-container-wrap \">\n<div class=\"td-header-menu-wrap td-header-gradient td-affix\">\n<div class=\"td-container\">\n<div class=\"td-header-row td-header-main-menu\">\n<div id=\"td-header-menu\" role=\"navigation\">\n<div class=\"td-main-menu-logo td-logo-in-header td-logo-sticky\"><\/div>\n<\/div>\n<\/div>\n<\/div>\n<\/div>\n<\/div>\n<\/div>\n<div class=\"td-main-content-wrap td-container-wrap\">\n<div class=\"td-container td-post-template-1 \">\n<div class=\"td-pb-row\">\n<div class=\"td-pb-span8 td-main-content\" role=\"main\">\n<div class=\"td-ss-main-content\">\n<article id=\"post-122755\" class=\"post-122755 post type-post status-publish format-standard has-post-thumbnail hentry category-politica tag-destaque\">\n<div class=\"td-post-content\">\n<div class=\"td-featured-image-rec\">\n<div class=\"td-post-featured-image\"><a class=\"td-modal-image\" href=\"https:\/\/paraibaja.com.br\/wp-content\/uploads\/2018\/07\/ricardocoutinhoarapuan.jpg\" data-caption=\"\"><img fetchpriority=\"high\" decoding=\"async\" class=\"entry-thumb td-animation-stack-type0-1\" title=\"ricardocoutinhoarapuan\" src=\"https:\/\/paraibaja.com.br\/wp-content\/uploads\/2018\/07\/ricardocoutinhoarapuan.jpg\" sizes=\"(max-width: 590px) 100vw, 590px\" srcset=\"https:\/\/paraibaja.com.br\/wp-content\/uploads\/2018\/07\/ricardocoutinhoarapuan.jpg 590w, https:\/\/paraibaja.com.br\/wp-content\/uploads\/2018\/07\/ricardocoutinhoarapuan-300x156.jpg 300w\" alt=\"\" width=\"590\" height=\"307\" data-pagespeed-url-hash=\"3293494451\" \/><\/a><\/div>\n<\/div>\n<p>Mais do que candidatos, o povo da Para\u00edba vai ter a oportunidade de avaliar se quer permanecer com o projeto do PSB, que mudou a cara da Para\u00edba e a vida dos paraibanos, ou se prefere optar por outro caminho. Pelo menos \u00e9 essa a an\u00e1lise do governador Ricardo Coutinho (PSB), que tratou, durante entrevista nessa semana, o pleito que se avizinha como uma esp\u00e9cie de plebiscito.<\/p>\n<p>\u201cA elei\u00e7\u00e3o ser\u00e1 plebiscit\u00e1ria, onde a popula\u00e7\u00e3o paraibana vai dizer se aprova ou n\u00e3o o modelo de gest\u00e3o do PSB ou dos candidatos que v\u00e3o disputar o Governo do Estado da Para\u00edba. Ou \u00e9 sim ou \u00e9 n\u00e3o. Ou a gest\u00e3o \u00e9 aprovada, e continua, ou e reprovada e muda\u201d, entoou o governador.<\/p>\n<p>A t\u00f4nica n\u00e3o \u00e9 avaliar os candidatos, mas sim o que representa os modelos administrativos dos candidatos. Informa\u00e7\u00f5es do PB Agora.<\/p>\n<\/div>\n<\/article>\n<\/div>\n<\/div>\n<\/div>\n<\/div>\n<\/div>\n<p>&nbsp;<\/p>\n<p><strong>Para\u00edba Online\/Foto: Reprodu\u00e7\u00e3o\u00a0<\/strong><\/p>\n<p>Cariri Em A\u00e7\u00e3o<\/p>\n<p>Leia mais not\u00edcias em\u00a0<a href=\"http:\/\/www.caririemacao.com\/\">caririemacao.com<\/a>, siga nossa p\u00e1gina no\u00a0<a href=\"https:\/\/www.facebook.com\/CaririEmAcao\/?ref=aymt_homepage_panel\">Facebook<\/a>,\u00a0<a href=\"https:\/\/www.instagram.com\/cariri_em_acao\/?hl=pt-br\">Instagram<\/a>\u00a0e\u00a0<a href=\"https:\/\/www.youtube.com\/channel\/UCAptA0jQuYQy8vMhLt2m4qg\">Youtube<\/a>\u00a0e veja nossas mat\u00e9rias, v\u00eddeos e fotos. Voc\u00ea tamb\u00e9m pode enviar informa\u00e7\u00f5es \u00e0 Reda\u00e7\u00e3o do Portal Cariri em A\u00e7\u00e3o pelo WhatsApp (83) 9 9634.5791, (83) 9 9601-1162.<\/p>\n","protected":false},"excerpt":{"rendered":"<p>Mais do que candidatos, o povo da Para\u00edba vai ter a oportunidade de avaliar se quer permanecer com o projeto do PSB, que mudou a&hellip; <\/p>\n","protected":false},"author":1,"featured_media":59716,"comment_status":"closed","ping_status":"closed","sticky":false,"template":"","format":"standard","meta":{"sfsi_plus_gutenberg_text_before_share":"","sfsi_plus_gutenberg_show_text_before_share":"","sfsi_plus_gutenberg_icon_type":"","sfsi_plus_gutenberg_icon_alignemt":"","sfsi_plus_gutenburg_max_per_row":"","footnotes":""},"categories":[11],"tags":[],"class_list":["post-61118","post","type-post","status-publish","format-standard","has-post-thumbnail","hentry","category-politica"],"_links":{"self":[{"href":"https:\/\/www.caririemacao.com\/1\/wp-json\/wp\/v2\/posts\/61118","targetHints":{"allow":["GET"]}}],"collection":[{"href":"https:\/\/www.caririemacao.com\/1\/wp-json\/wp\/v2\/posts"}],"about":[{"href":"https:\/\/www.caririemacao.com\/1\/wp-json\/wp\/v2\/types\/post"}],"author":[{"embeddable":true,"href":"https:\/\/www.caririemacao.com\/1\/wp-json\/wp\/v2\/users\/1"}],"replies":[{"embeddable":true,"href":"https:\/\/www.caririemacao.com\/1\/wp-json\/wp\/v2\/comments?post=61118"}],"version-history":[{"count":2,"href":"https:\/\/www.caririemacao.com\/1\/wp-json\/wp\/v2\/posts\/61118\/revisions"}],"predecessor-version":[{"id":61120,"href":"https:\/\/www.caririemacao.com\/1\/wp-json\/wp\/v2\/posts\/61118\/revisions\/61120"}],"wp:featuredmedia":[{"embeddable":true,"href":"https:\/\/www.caririemacao.com\/1\/wp-json\/wp\/v2\/media\/59716"}],"wp:attachment":[{"href":"https:\/\/www.caririemacao.com\/1\/wp-json\/wp\/v2\/media?parent=61118"}],"wp:term":[{"taxonomy":"category","embeddable":true,"href":"https:\/\/www.caririemacao.com\/1\/wp-json\/wp\/v2\/categories?post=61118"},{"taxonomy":"post_tag","embeddable":true,"href":"https:\/\/www.caririemacao.com\/1\/wp-json\/wp\/v2\/tags?post=61118"}],"curies":[{"name":"wp","href":"https:\/\/api.w.org\/{rel}","templated":true}]}}