{"id":61124,"date":"2018-08-12T12:26:57","date_gmt":"2018-08-12T15:26:57","guid":{"rendered":"http:\/\/caririemacao.com\/1\/?p=61124"},"modified":"2018-08-12T12:30:00","modified_gmt":"2018-08-12T15:30:00","slug":"mst-faz-caminhada-ate-brasilia-para-registro-da-candidatura-de-lula-no-tse","status":"publish","type":"post","link":"https:\/\/www.caririemacao.com\/1\/2018\/08\/12\/mst-faz-caminhada-ate-brasilia-para-registro-da-candidatura-de-lula-no-tse\/","title":{"rendered":"MST faz caminhada at\u00e9 Bras\u00edlia para registro da candidatura de Lula no TSE"},"content":{"rendered":"<p>O MST (Movimento dos Trabalhadores Rurais Sem Terra) pretende reunir 5.000 pessoas em Bras\u00edlia para acompanhar o ato de entrega do registro da candidatura de Luiz In\u00e1cio Lula da Silva (PT-SP), o que deve ocorrer na quarta-feira (15) no TSE (Tribunal Superior Eleitoral).<\/p>\n<p>Neste s\u00e1bado (11), segundo a entidade, o mesmo n\u00famero de militantes iniciou uma caminhada que partiu de tr\u00eas pontos no entorno de Bras\u00edlia em tr\u00eas colunas com 1.500 sem-terra cada uma, que percorrer\u00e3o de 50 km a 60 km at\u00e9 chegar \u00e0 capital federal no dia 14.<\/p>\n<div class=\"google-auto-placed ap_container\"><ins class=\"adsbygoogle adsbygoogle-noablate\" data-ad-format=\"auto\" data-ad-client=\"ca-pub-1593055478228631\" data-adsbygoogle-status=\"done\"><ins id=\"aswift_1_expand\"><ins id=\"aswift_1_anchor\"><\/ins><\/ins><\/ins>Lula foi condenado sob acusa\u00e7\u00e3o de corrup\u00e7\u00e3o passiva e lavagem de dinheiro a 12 anos e um m\u00eas de pris\u00e3o, em caso derivado da Opera\u00e7\u00e3o Lava Jato, e est\u00e1 preso desde abril na Superintend\u00eancia da Pol\u00edcia Federal do Paran\u00e1. A primeira senten\u00e7a, de 9 anos e seis meses, foi dada pelo juiz federal Sergio Moro, de Curitiba (PR)\u200b. A condena\u00e7\u00e3o foi confirmada pelo TRF (Tribunal Regional Federal) da 4\u00aa Regi\u00e3o, de Porto Alegre (RS), que aumentou a pena do ex-presidente.<\/div>\n<p>Segundo especialistas em direito eleitoral, Lula est\u00e1 ineleg\u00edvel de acordo com a Lei da Ficha Limpa. O TSE vai decidir sobre o futuro de sua candidatura depois que o pedido de inscri\u00e7\u00e3o for realizado pelo PT, no dia 15. O tribunal dever\u00e1 dar uma decis\u00e3o antes do dia 15 de setembro.<\/p>\n<p>Marina dos Santos, da dire\u00e7\u00e3o nacional do MST, disse que a marcha tem tr\u00eas objetivos: a soltura de Lula, trazer para o debate nacional \u201cas preocupa\u00e7\u00f5es da classe trabalhadora\u201d e fazer com que a popula\u00e7\u00e3o do entorno de Bras\u00edlia fa\u00e7a \u201cuma discuss\u00e3o sobre um projeto popular para o pa\u00eds\u201d.<\/p>\n<div class=\"google-auto-placed ap_container\"><ins class=\"adsbygoogle adsbygoogle-noablate\" data-ad-format=\"auto\" data-ad-client=\"ca-pub-1593055478228631\" data-adsbygoogle-status=\"done\"><ins id=\"aswift_2_expand\"><ins id=\"aswift_2_anchor\"><\/ins><\/ins><\/ins>Ao longo da caminhada, o MST vai realizar atos p\u00fablicos. \u201cS\u00f3 acreditaremos em democracia neste pa\u00eds se Lula puder participar das elei\u00e7\u00f5es\u201d, disse Marina.<\/div>\n<p>Em outra frente que busca fazer press\u00e3o sobre o Judici\u00e1rio, sete militantes entraram em seu 12\u00ba dia de greve de fome em Bras\u00edlia. Eles est\u00e3o se alimentando apenas de soro e \u00e1gua, mas s\u00e3o acompanhados por m\u00e9dico e psic\u00f3logo, segundo a dire\u00e7\u00e3o nacional do MST.<\/p>\n<p>Os manifestantes s\u00e3o Vilmar Pac\u00edfico, Zon\u00e1lia Santos e Jaime Amorim, do MST, Rafaela Alves e frei S\u00e9rgio G\u00f6rgen, do MPA (Movimento dos Pequenos Agricultores), Luiz Gonzaga, o Geg\u00ea, da CMP (Central dos Movimentos Populares), e Leonardo Armando, do Levante Popular da Juventude. Segundo Marina dos Santos, os grevistas est\u00e3o tendo tonturas e dores no corpo e j\u00e1 enfrentam problemas para se levantar e caminhar.<\/p>\n<div class=\"google-auto-placed ap_container\"><ins class=\"adsbygoogle adsbygoogle-noablate\" data-ad-format=\"auto\" data-ad-client=\"ca-pub-1593055478228631\" data-adsbygoogle-status=\"done\"><ins id=\"aswift_3_expand\"><ins id=\"aswift_3_anchor\"><\/ins><\/ins><\/ins>Na ter\u00e7a-feira (7), os manifestantes protocolaram no STF (Supremo Tribunal Federal) pedidos de audi\u00eancia com os ministros. Segundo o MST, \u201co STF \u00e9 o lugar onde a liberdade do ex-presidente Lula pode ser debatida e deliberada imediatamente\u201d, caso o tribunal coloque em julgamento duas a\u00e7\u00f5es declarat\u00f3rias de constitucionalidade que debatem a possibilidade de pris\u00e3o depois de decis\u00e3o em segunda inst\u00e2ncia.<\/div>\n<div><\/div>\n<div><\/div>\n<div><\/div>\n<div><strong>Para\u00edba j\u00e1\/Foto: Reprodu\u00e7\u00e3o\u00a0<\/strong><\/div>\n<div>\n<p>Cariri Em A\u00e7\u00e3o<\/p>\n<p>Leia mais not\u00edcias em\u00a0<a href=\"http:\/\/www.caririemacao.com\/\">caririemacao.com<\/a>, siga nossa p\u00e1gina no\u00a0<a href=\"https:\/\/www.facebook.com\/CaririEmAcao\/?ref=aymt_homepage_panel\">Facebook<\/a>,\u00a0<a href=\"https:\/\/www.instagram.com\/cariri_em_acao\/?hl=pt-br\">Instagram<\/a>\u00a0e\u00a0<a href=\"https:\/\/www.youtube.com\/channel\/UCAptA0jQuYQy8vMhLt2m4qg\">Youtube<\/a>\u00a0e veja nossas mat\u00e9rias, v\u00eddeos e fotos. Voc\u00ea tamb\u00e9m pode enviar informa\u00e7\u00f5es \u00e0 Reda\u00e7\u00e3o do Portal Cariri em A\u00e7\u00e3o pelo WhatsApp (83) 9 9634.5791, (83) 9 9601-1162.<\/p>\n<\/div>\n","protected":false},"excerpt":{"rendered":"<p>O MST (Movimento dos Trabalhadores Rurais Sem Terra) pretende reunir 5.000 pessoas em Bras\u00edlia para acompanhar o ato de entrega do registro da candidatura de&hellip; <\/p>\n","protected":false},"author":1,"featured_media":61125,"comment_status":"closed","ping_status":"closed","sticky":false,"template":"","format":"standard","meta":{"sfsi_plus_gutenberg_text_before_share":"","sfsi_plus_gutenberg_show_text_before_share":"","sfsi_plus_gutenberg_icon_type":"","sfsi_plus_gutenberg_icon_alignemt":"","sfsi_plus_gutenburg_max_per_row":"","footnotes":""},"categories":[1],"tags":[],"class_list":["post-61124","post","type-post","status-publish","format-standard","has-post-thumbnail","hentry","category-o-site"],"_links":{"self":[{"href":"https:\/\/www.caririemacao.com\/1\/wp-json\/wp\/v2\/posts\/61124","targetHints":{"allow":["GET"]}}],"collection":[{"href":"https:\/\/www.caririemacao.com\/1\/wp-json\/wp\/v2\/posts"}],"about":[{"href":"https:\/\/www.caririemacao.com\/1\/wp-json\/wp\/v2\/types\/post"}],"author":[{"embeddable":true,"href":"https:\/\/www.caririemacao.com\/1\/wp-json\/wp\/v2\/users\/1"}],"replies":[{"embeddable":true,"href":"https:\/\/www.caririemacao.com\/1\/wp-json\/wp\/v2\/comments?post=61124"}],"version-history":[{"count":3,"href":"https:\/\/www.caririemacao.com\/1\/wp-json\/wp\/v2\/posts\/61124\/revisions"}],"predecessor-version":[{"id":61128,"href":"https:\/\/www.caririemacao.com\/1\/wp-json\/wp\/v2\/posts\/61124\/revisions\/61128"}],"wp:featuredmedia":[{"embeddable":true,"href":"https:\/\/www.caririemacao.com\/1\/wp-json\/wp\/v2\/media\/61125"}],"wp:attachment":[{"href":"https:\/\/www.caririemacao.com\/1\/wp-json\/wp\/v2\/media?parent=61124"}],"wp:term":[{"taxonomy":"category","embeddable":true,"href":"https:\/\/www.caririemacao.com\/1\/wp-json\/wp\/v2\/categories?post=61124"},{"taxonomy":"post_tag","embeddable":true,"href":"https:\/\/www.caririemacao.com\/1\/wp-json\/wp\/v2\/tags?post=61124"}],"curies":[{"name":"wp","href":"https:\/\/api.w.org\/{rel}","templated":true}]}}