{"id":61130,"date":"2018-08-12T13:52:25","date_gmt":"2018-08-12T16:52:25","guid":{"rendered":"http:\/\/caririemacao.com\/1\/?p=61130"},"modified":"2018-08-12T13:52:25","modified_gmt":"2018-08-12T16:52:25","slug":"em-dia-dos-pais-guerrero-e-anunciado-como-novo-jogador-do-inter","status":"publish","type":"post","link":"https:\/\/www.caririemacao.com\/1\/2018\/08\/12\/em-dia-dos-pais-guerrero-e-anunciado-como-novo-jogador-do-inter\/","title":{"rendered":"Em Dia dos Pais, Guerrero \u00e9 anunciado como novo jogador do Inter"},"content":{"rendered":"<p>Os pais torcedores do Internacional receberam um presente do clube neste domingo (12), o peruano Paolo Guerrero foi anunciado como o novo jogador da equipe com contrato at\u00e9 2021.<\/p>\n<p>O an\u00fancio foi feito atrav\u00e9s do presidente do clube, Marcelo Medeiros, em sua rede social no Twitter.<\/p>\n<p>\u201cEu gostaria de anunciar este enorme refor\u00e7o, um sonho antigo do clube e do torcedor, agora estar\u00e1 junto conosco, junto com voc\u00ea, sendo mais um guerreiro do nosso time no Beira-Rio. Venha nos apoiar\u201d, afirmou o presidente.<\/p>\n<p>Durante seus jogos pelo Flamengo nesta temporada, Guerrero disputou sete partidas e marcou um gol.<\/p>\n<p>O peruano \u00e9 desejo antigo da dire\u00e7\u00e3o do Inter, que j\u00e1 tinha tentado sua contrata\u00e7\u00e3o em 2014.<\/p>\n<p>&nbsp;<\/p>\n<p><strong>Para\u00edba Online\/Foto: Reprodu\u00e7\u00e3o\u00a0<\/strong><\/p>\n<p>Cariri Em A\u00e7\u00e3o<\/p>\n<p>Leia mais not\u00edcias em\u00a0<a href=\"http:\/\/www.caririemacao.com\/\">caririemacao.com<\/a>, siga nossa p\u00e1gina no\u00a0<a href=\"https:\/\/www.facebook.com\/CaririEmAcao\/?ref=aymt_homepage_panel\">Facebook<\/a>,\u00a0<a href=\"https:\/\/www.instagram.com\/cariri_em_acao\/?hl=pt-br\">Instagram<\/a>\u00a0e\u00a0<a href=\"https:\/\/www.youtube.com\/channel\/UCAptA0jQuYQy8vMhLt2m4qg\">Youtube<\/a>\u00a0e veja nossas mat\u00e9rias, v\u00eddeos e fotos. Voc\u00ea tamb\u00e9m pode enviar informa\u00e7\u00f5es \u00e0 Reda\u00e7\u00e3o do Portal Cariri em A\u00e7\u00e3o pelo WhatsApp (83) 9 9634.5791, (83) 9 9601-1162.<\/p>\n","protected":false},"excerpt":{"rendered":"<p>Os pais torcedores do Internacional receberam um presente do clube neste domingo (12), o peruano Paolo Guerrero foi anunciado como o novo jogador da equipe&hellip; <\/p>\n","protected":false},"author":1,"featured_media":61131,"comment_status":"closed","ping_status":"closed","sticky":false,"template":"","format":"standard","meta":{"sfsi_plus_gutenberg_text_before_share":"","sfsi_plus_gutenberg_show_text_before_share":"","sfsi_plus_gutenberg_icon_type":"","sfsi_plus_gutenberg_icon_alignemt":"","sfsi_plus_gutenburg_max_per_row":"","footnotes":""},"categories":[13],"tags":[],"class_list":["post-61130","post","type-post","status-publish","format-standard","has-post-thumbnail","hentry","category-esportes"],"_links":{"self":[{"href":"https:\/\/www.caririemacao.com\/1\/wp-json\/wp\/v2\/posts\/61130","targetHints":{"allow":["GET"]}}],"collection":[{"href":"https:\/\/www.caririemacao.com\/1\/wp-json\/wp\/v2\/posts"}],"about":[{"href":"https:\/\/www.caririemacao.com\/1\/wp-json\/wp\/v2\/types\/post"}],"author":[{"embeddable":true,"href":"https:\/\/www.caririemacao.com\/1\/wp-json\/wp\/v2\/users\/1"}],"replies":[{"embeddable":true,"href":"https:\/\/www.caririemacao.com\/1\/wp-json\/wp\/v2\/comments?post=61130"}],"version-history":[{"count":1,"href":"https:\/\/www.caririemacao.com\/1\/wp-json\/wp\/v2\/posts\/61130\/revisions"}],"predecessor-version":[{"id":61132,"href":"https:\/\/www.caririemacao.com\/1\/wp-json\/wp\/v2\/posts\/61130\/revisions\/61132"}],"wp:featuredmedia":[{"embeddable":true,"href":"https:\/\/www.caririemacao.com\/1\/wp-json\/wp\/v2\/media\/61131"}],"wp:attachment":[{"href":"https:\/\/www.caririemacao.com\/1\/wp-json\/wp\/v2\/media?parent=61130"}],"wp:term":[{"taxonomy":"category","embeddable":true,"href":"https:\/\/www.caririemacao.com\/1\/wp-json\/wp\/v2\/categories?post=61130"},{"taxonomy":"post_tag","embeddable":true,"href":"https:\/\/www.caririemacao.com\/1\/wp-json\/wp\/v2\/tags?post=61130"}],"curies":[{"name":"wp","href":"https:\/\/api.w.org\/{rel}","templated":true}]}}