{"id":61138,"date":"2018-08-12T16:12:35","date_gmt":"2018-08-12T19:12:35","guid":{"rendered":"http:\/\/caririemacao.com\/1\/?p=61138"},"modified":"2018-08-12T16:12:35","modified_gmt":"2018-08-12T19:12:35","slug":"prefeito-adriano-wolff-decreta-luto-oficial-por-tres-dias-devido-a-morte-do-ex-prefeito-inacio-souza","status":"publish","type":"post","link":"https:\/\/www.caririemacao.com\/1\/2018\/08\/12\/prefeito-adriano-wolff-decreta-luto-oficial-por-tres-dias-devido-a-morte-do-ex-prefeito-inacio-souza\/","title":{"rendered":"Prefeito Adriano Wolff decreta Luto oficial por tr\u00eas dias devido a morte do ex-prefeito In\u00e1cio Souza"},"content":{"rendered":"<p>O prefeito de S\u00e3o Sebasti\u00e3o do Umbuzeiro Adriano Wolff, decretou luto oficial de tr\u00eas dias devido \u00e0 morte do Ex-prefeito In\u00e1cio Monteiro de Souza, que faleceu na noite\u00a0 deste s\u00e1bado (11), aos 86 anos. O ex-prefeito exerceu dois mandatos no munic\u00edpio.<\/p>\n<p>O prefeito\u00a0 registra os relevantes servi\u00e7os prestados pelo ex-prefeito e as suas qualidades \u00e9ticas e morais no exerc\u00edcio de suas fun\u00e7\u00f5es no Poder Executivo.<\/p>\n<p>Ser\u00e1 dado o cumprimento do Luto Oficial nas reparti\u00e7\u00f5es deste munic\u00edpio \u201cmantenho a bandeira hasteada a meio mastro como forma de homenagear o Ex-prefeito In\u00e1cio Monteiro de Souza\u201d.<\/p>\n<p>\u201cS\u00e3o Sebasti\u00e3o do Umbuzeiro, perde um grande gestor p\u00fablico, que deixou sua marca por v\u00e1rios setores do munic\u00edpio e, neste dif\u00edcil momento, manifesto meus sinceros sentimentos \u00e0 fam\u00edlia de Sr. In\u00e1cio Souza; al\u00e9m do vasto c\u00edrculo de amigos, na cidade e regi\u00e3o\u201d, lamentou o prefeito Adriano Wolff.<\/p>\n<p>&nbsp;<\/p>\n<p><strong>Ascom\/Foto: Reprodu\u00e7\u00e3o\u00a0<\/strong><\/p>\n<p>Cariri Em A\u00e7\u00e3o<\/p>\n<p>Leia mais not\u00edcias em\u00a0<a href=\"http:\/\/www.caririemacao.com\/\">caririemacao.com<\/a>, siga nossa p\u00e1gina no\u00a0<a href=\"https:\/\/www.facebook.com\/CaririEmAcao\/?ref=aymt_homepage_panel\">Facebook<\/a>,\u00a0<a href=\"https:\/\/www.instagram.com\/cariri_em_acao\/?hl=pt-br\">Instagram<\/a>\u00a0e\u00a0<a href=\"https:\/\/www.youtube.com\/channel\/UCAptA0jQuYQy8vMhLt2m4qg\">Youtube<\/a>\u00a0e veja nossas mat\u00e9rias, v\u00eddeos e fotos. Voc\u00ea tamb\u00e9m pode enviar informa\u00e7\u00f5es \u00e0 Reda\u00e7\u00e3o do Portal Cariri em A\u00e7\u00e3o pelo WhatsApp (83) 9 9634.5791, (83) 9 9601-1162.<\/p>\n<p>&nbsp;<\/p>\n","protected":false},"excerpt":{"rendered":"<p>O prefeito de S\u00e3o Sebasti\u00e3o do Umbuzeiro Adriano Wolff, decretou luto oficial de tr\u00eas dias devido \u00e0 morte do Ex-prefeito In\u00e1cio Monteiro de Souza, que&hellip; <\/p>\n","protected":false},"author":1,"featured_media":61139,"comment_status":"closed","ping_status":"closed","sticky":false,"template":"","format":"standard","meta":{"sfsi_plus_gutenberg_text_before_share":"","sfsi_plus_gutenberg_show_text_before_share":"","sfsi_plus_gutenberg_icon_type":"","sfsi_plus_gutenberg_icon_alignemt":"","sfsi_plus_gutenburg_max_per_row":"","footnotes":""},"categories":[11],"tags":[],"class_list":["post-61138","post","type-post","status-publish","format-standard","has-post-thumbnail","hentry","category-politica"],"_links":{"self":[{"href":"https:\/\/www.caririemacao.com\/1\/wp-json\/wp\/v2\/posts\/61138","targetHints":{"allow":["GET"]}}],"collection":[{"href":"https:\/\/www.caririemacao.com\/1\/wp-json\/wp\/v2\/posts"}],"about":[{"href":"https:\/\/www.caririemacao.com\/1\/wp-json\/wp\/v2\/types\/post"}],"author":[{"embeddable":true,"href":"https:\/\/www.caririemacao.com\/1\/wp-json\/wp\/v2\/users\/1"}],"replies":[{"embeddable":true,"href":"https:\/\/www.caririemacao.com\/1\/wp-json\/wp\/v2\/comments?post=61138"}],"version-history":[{"count":1,"href":"https:\/\/www.caririemacao.com\/1\/wp-json\/wp\/v2\/posts\/61138\/revisions"}],"predecessor-version":[{"id":61140,"href":"https:\/\/www.caririemacao.com\/1\/wp-json\/wp\/v2\/posts\/61138\/revisions\/61140"}],"wp:featuredmedia":[{"embeddable":true,"href":"https:\/\/www.caririemacao.com\/1\/wp-json\/wp\/v2\/media\/61139"}],"wp:attachment":[{"href":"https:\/\/www.caririemacao.com\/1\/wp-json\/wp\/v2\/media?parent=61138"}],"wp:term":[{"taxonomy":"category","embeddable":true,"href":"https:\/\/www.caririemacao.com\/1\/wp-json\/wp\/v2\/categories?post=61138"},{"taxonomy":"post_tag","embeddable":true,"href":"https:\/\/www.caririemacao.com\/1\/wp-json\/wp\/v2\/tags?post=61138"}],"curies":[{"name":"wp","href":"https:\/\/api.w.org\/{rel}","templated":true}]}}