{"id":61142,"date":"2018-08-12T16:47:14","date_gmt":"2018-08-12T19:47:14","guid":{"rendered":"http:\/\/caririemacao.com\/1\/?p=61142"},"modified":"2018-08-12T16:48:05","modified_gmt":"2018-08-12T19:48:05","slug":"joao-diz-que-sua-candidatura-representa-a-continuidade-e-o-avancos-que-a-paraiba-precisa","status":"publish","type":"post","link":"https:\/\/www.caririemacao.com\/1\/2018\/08\/12\/joao-diz-que-sua-candidatura-representa-a-continuidade-e-o-avancos-que-a-paraiba-precisa\/","title":{"rendered":"Jo\u00e3o diz que sua candidatura representa a continuidade e o avan\u00e7os que a Para\u00edba precisa"},"content":{"rendered":"<div class=\"td-header-wrap td-header-style-8\">\n<div class=\"td-header-menu-wrap-full td-container-wrap \">\n<div class=\"td-header-menu-wrap td-header-gradient td-affix\">\n<div class=\"td-container\">\n<div class=\"td-header-row td-header-main-menu\">\n<div id=\"td-header-menu\" role=\"navigation\">\n<div class=\"td-main-menu-logo td-logo-in-header td-logo-sticky\"><\/div>\n<\/div>\n<\/div>\n<\/div>\n<\/div>\n<\/div>\n<\/div>\n<div class=\"td-main-content-wrap td-container-wrap\">\n<div class=\"td-container td-post-template-1 \">\n<div class=\"td-pb-row\">\n<div class=\"td-pb-span8 td-main-content\" role=\"main\">\n<div class=\"td-ss-main-content\">\n<article id=\"post-122786\" class=\"post-122786 post type-post status-publish format-standard has-post-thumbnail hentry category-politica tag-destaque\">\n<div class=\"td-post-content\">\n<div class=\"td-featured-image-rec\">\n<div class=\"td-post-featured-image\"><a class=\"td-modal-image\" href=\"https:\/\/paraibaja.com.br\/wp-content\/uploads\/2018\/08\/WhatsApp-Image-2018-08-12-at-4.21.14-PM.jpeg\" data-caption=\"\"><img fetchpriority=\"high\" decoding=\"async\" class=\"entry-thumb td-animation-stack-type0-2\" title=\"WhatsApp Image 2018-08-12 at 4.21.14 PM\" src=\"https:\/\/paraibaja.com.br\/wp-content\/uploads\/2018\/08\/WhatsApp-Image-2018-08-12-at-4.21.14-PM-696x464.jpeg\" sizes=\"(max-width: 696px) 100vw, 696px\" srcset=\"https:\/\/paraibaja.com.br\/wp-content\/uploads\/2018\/08\/WhatsApp-Image-2018-08-12-at-4.21.14-PM-696x464.jpeg 696w, https:\/\/paraibaja.com.br\/wp-content\/uploads\/2018\/08\/xWhatsApp-Image-2018-08-12-at-4.21.14-PM-300x200.jpeg.pagespeed.ic.EhMuKzvjpO.webp 300w, https:\/\/paraibaja.com.br\/wp-content\/uploads\/2018\/08\/WhatsApp-Image-2018-08-12-at-4.21.14-PM-768x512.jpeg 768w, https:\/\/paraibaja.com.br\/wp-content\/uploads\/2018\/08\/xWhatsApp-Image-2018-08-12-at-4.21.14-PM-1024x682.jpeg.pagespeed.ic.l547fDKTrO.webp 1024w, https:\/\/paraibaja.com.br\/wp-content\/uploads\/2018\/08\/WhatsApp-Image-2018-08-12-at-4.21.14-PM-1068x712.jpeg 1068w, https:\/\/paraibaja.com.br\/wp-content\/uploads\/2018\/08\/WhatsApp-Image-2018-08-12-at-4.21.14-PM-630x420.jpeg 630w, https:\/\/paraibaja.com.br\/wp-content\/uploads\/2018\/08\/WhatsApp-Image-2018-08-12-at-4.21.14-PM-450x300.jpeg 450w, https:\/\/paraibaja.com.br\/wp-content\/uploads\/2018\/08\/xWhatsApp-Image-2018-08-12-at-4.21.14-PM.jpeg.pagespeed.ic.fXq4_ASzE6.webp 1280w\" alt=\"\" width=\"696\" height=\"464\" data-pagespeed-url-hash=\"755961788\" \/><\/a><\/div>\n<\/div>\n<p>Continuidade associada a avan\u00e7os. Esta \u00e9 a receita que o candidato do PSB ao Governo do Estado, Jo\u00e3o Azev\u00eado, deu para a Para\u00edba continuar crescendo. De acordo com o socialista, s\u00f3 \u00e9 poss\u00edvel promover crescimento econ\u00f4mico e desenvolvimento, aliando a manuten\u00e7\u00e3o das a\u00e7\u00f5es voltadas para infraestrutura e o avan\u00e7ar nas pol\u00edticas p\u00fablicas que foram implementadas na Para\u00edba. Na atual conjuntura, somente sua candidatura representa a continuidade e o avan\u00e7o que o Estado precisa, j\u00e1 que ele faz parte do projeto iniciado pelo governador Ricardo Coutinho (PSB) desde a \u00e9poca da Prefeitura de Jo\u00e3o Pessoa.<\/p>\n<p>\u201cA democracia participativa implantada neste Estado \u00e9 muito nova. N\u00f3s precisamos dar continuidade a esse projeto, que tem muito pouco tempo, uma vez que a Para\u00edba s\u00f3 se acostumou com grandes obras, com grandes realiza\u00e7\u00f5es, com pol\u00edticas de inclus\u00e3o, nestes \u00faltimos oito anos. A gente precisa dar muito mais impulso para essa Para\u00edba, que experimentou momentos importantes, possa continuar no rumo do desenvolvimento\u201d, declarou.<\/p>\n<p>O candidato do PSB tamb\u00e9m definiu o que \u00e9 fazer pol\u00edtica para ele. \u201cSonhar, projetar, executar e ver as pessoas usufruindo daquilo que um dia foi apenas um sonho. Isso \u00e9 pol\u00edtica para mim\u201d, afirmou.<\/p>\n<\/div>\n<\/article>\n<\/div>\n<\/div>\n<\/div>\n<\/div>\n<\/div>\n<p>&nbsp;<\/p>\n<p><strong>Para\u00edba j\u00e1\/Foto: Reprodu\u00e7\u00e3o\u00a0<\/strong><\/p>\n<p>Cariri Em A\u00e7\u00e3o<\/p>\n<p>Leia mais not\u00edcias em\u00a0<a href=\"http:\/\/www.caririemacao.com\/\">caririemacao.com<\/a>, siga nossa p\u00e1gina no\u00a0<a href=\"https:\/\/www.facebook.com\/CaririEmAcao\/?ref=aymt_homepage_panel\">Facebook<\/a>,\u00a0<a href=\"https:\/\/www.instagram.com\/cariri_em_acao\/?hl=pt-br\">Instagram<\/a>\u00a0e\u00a0<a href=\"https:\/\/www.youtube.com\/channel\/UCAptA0jQuYQy8vMhLt2m4qg\">Youtube<\/a>\u00a0e veja nossas mat\u00e9rias, v\u00eddeos e fotos. Voc\u00ea tamb\u00e9m pode enviar informa\u00e7\u00f5es \u00e0 Reda\u00e7\u00e3o do Portal Cariri em A\u00e7\u00e3o pelo WhatsApp (83) 9 9634.5791, (83) 9 9601-1162.<\/p>\n","protected":false},"excerpt":{"rendered":"<p>Continuidade associada a avan\u00e7os. Esta \u00e9 a receita que o candidato do PSB ao Governo do Estado, Jo\u00e3o Azev\u00eado, deu para a Para\u00edba continuar crescendo.&hellip; <\/p>\n","protected":false},"author":1,"featured_media":60710,"comment_status":"closed","ping_status":"closed","sticky":false,"template":"","format":"standard","meta":{"sfsi_plus_gutenberg_text_before_share":"","sfsi_plus_gutenberg_show_text_before_share":"","sfsi_plus_gutenberg_icon_type":"","sfsi_plus_gutenberg_icon_alignemt":"","sfsi_plus_gutenburg_max_per_row":"","footnotes":""},"categories":[1],"tags":[],"class_list":["post-61142","post","type-post","status-publish","format-standard","has-post-thumbnail","hentry","category-o-site"],"_links":{"self":[{"href":"https:\/\/www.caririemacao.com\/1\/wp-json\/wp\/v2\/posts\/61142","targetHints":{"allow":["GET"]}}],"collection":[{"href":"https:\/\/www.caririemacao.com\/1\/wp-json\/wp\/v2\/posts"}],"about":[{"href":"https:\/\/www.caririemacao.com\/1\/wp-json\/wp\/v2\/types\/post"}],"author":[{"embeddable":true,"href":"https:\/\/www.caririemacao.com\/1\/wp-json\/wp\/v2\/users\/1"}],"replies":[{"embeddable":true,"href":"https:\/\/www.caririemacao.com\/1\/wp-json\/wp\/v2\/comments?post=61142"}],"version-history":[{"count":2,"href":"https:\/\/www.caririemacao.com\/1\/wp-json\/wp\/v2\/posts\/61142\/revisions"}],"predecessor-version":[{"id":61144,"href":"https:\/\/www.caririemacao.com\/1\/wp-json\/wp\/v2\/posts\/61142\/revisions\/61144"}],"wp:featuredmedia":[{"embeddable":true,"href":"https:\/\/www.caririemacao.com\/1\/wp-json\/wp\/v2\/media\/60710"}],"wp:attachment":[{"href":"https:\/\/www.caririemacao.com\/1\/wp-json\/wp\/v2\/media?parent=61142"}],"wp:term":[{"taxonomy":"category","embeddable":true,"href":"https:\/\/www.caririemacao.com\/1\/wp-json\/wp\/v2\/categories?post=61142"},{"taxonomy":"post_tag","embeddable":true,"href":"https:\/\/www.caririemacao.com\/1\/wp-json\/wp\/v2\/tags?post=61142"}],"curies":[{"name":"wp","href":"https:\/\/api.w.org\/{rel}","templated":true}]}}