{"id":61145,"date":"2018-08-12T16:53:58","date_gmt":"2018-08-12T19:53:58","guid":{"rendered":"http:\/\/caririemacao.com\/1\/?p=61145"},"modified":"2018-08-12T16:53:58","modified_gmt":"2018-08-12T19:53:58","slug":"rompimento-de-canal-da-transposicao-pode-ter-sido-criminoso","status":"publish","type":"post","link":"https:\/\/www.caririemacao.com\/1\/2018\/08\/12\/rompimento-de-canal-da-transposicao-pode-ter-sido-criminoso\/","title":{"rendered":"Rompimento de canal da transposi\u00e7\u00e3o pode ter sido criminoso"},"content":{"rendered":"<p>Equipes do Minist\u00e9rio da Integra\u00e7\u00e3o Nacional informaram hoje (12) que o\u00a0rompimento de um canal do Eixo Norte\u00a0do Projeto de Integra\u00e7\u00e3o do Rio S\u00e3o Francisco, entre os munic\u00edpios de Terra Nova e Salgueiro, em Pernambuco, na\u00a0 tarde de\u00a0<span id=\"OBJ_PREFIX_DWT398_com_zimbra_date\" role=\"link\"><span id=\"OBJ_PREFIX_DWT401_com_zimbra_date\" role=\"link\">s\u00e1bado<\/span><\/span>\u00a0(11), tem evid\u00eancias de ato criminoso.<\/p>\n<div id=\"attachment_487144\" class=\"wp-caption aligncenter\"><img decoding=\"async\" class=\"wp-image-487144 size-medium lazyload\" data-src=\"https:\/\/paraibaonline.com.br\/wp-content\/uploads\/2018\/08\/20729343352_8e2b9fc655_k-556x417.jpg\" data-srcset=\"https:\/\/paraibaonline.com.br\/wp-content\/uploads\/2018\/08\/20729343352_8e2b9fc655_k-556x417.jpg 556w, https:\/\/paraibaonline.com.br\/wp-content\/uploads\/2018\/08\/20729343352_8e2b9fc655_k.jpg 800w\" alt=\"Foto: Divulga\u00e7\u00e3o\/Minist\u00e9rio da Integra\u00e7\u00e3o Nacional\" src=\"data:image\/svg+xml;base64,PHN2ZyB3aWR0aD0iMSIgaGVpZ2h0PSIxIiB4bWxucz0iaHR0cDovL3d3dy53My5vcmcvMjAwMC9zdmciPjwvc3ZnPg==\" style=\"--smush-placeholder-width: 556px; --smush-placeholder-aspect-ratio: 556\/417;\" \/><\/p>\n<p class=\"wp-caption-text\">Foto: Divulga\u00e7\u00e3o\/Minist\u00e9rio da Integra\u00e7\u00e3o Nacional<\/p>\n<\/div>\n<p>\u201cRelatos de moradores que vivem no entorno informam que a a\u00e7\u00e3o dos envolvidos tinha como objetivo desviar o curso d\u2019\u00e1gua daquele ponto para que fosse poss\u00edvel encher um reservat\u00f3rio nas imedia\u00e7\u00f5es. A\u00e7\u00e3o semelhante aconteceu em junho do ano passado, em um trecho no munic\u00edpio de Cabrob\u00f3 (PE)\u201d, diz nota divulgada pelo minist\u00e9rio.<\/p>\n<p>A pasta informou que t\u00e9cnicos est\u00e3o no local atuando para recuperar a estrutura, que dever\u00e1 ser normalizada em at\u00e9 48 horas. O minist\u00e9rio conta com o apoio da Pol\u00edcia Militar do estado para investiga\u00e7\u00e3o do epis\u00f3dio.<\/p>\n<p>\u201cParalelamente, tamb\u00e9m foram designadas equipes para verificar todo o per\u00edmetro e avaliar possibilidades de danos a comunidades no entorno. Nas proximidades do canal n\u00e3o h\u00e1 registro de moradores\u201d, diz o comunicado.<\/p>\n<p>&nbsp;<\/p>\n<p><strong>Para\u00edba Online\/Foto: Reprodu\u00e7\u00e3o\u00a0<\/strong><\/p>\n<p>Cariri Em A\u00e7\u00e3o<\/p>\n<p>Leia mais not\u00edcias em\u00a0<a href=\"http:\/\/www.caririemacao.com\/\">caririemacao.com<\/a>, siga nossa p\u00e1gina no\u00a0<a href=\"https:\/\/www.facebook.com\/CaririEmAcao\/?ref=aymt_homepage_panel\">Facebook<\/a>,\u00a0<a href=\"https:\/\/www.instagram.com\/cariri_em_acao\/?hl=pt-br\">Instagram<\/a>\u00a0e\u00a0<a href=\"https:\/\/www.youtube.com\/channel\/UCAptA0jQuYQy8vMhLt2m4qg\">Youtube<\/a>\u00a0e veja nossas mat\u00e9rias, v\u00eddeos e fotos. Voc\u00ea tamb\u00e9m pode enviar informa\u00e7\u00f5es \u00e0 Reda\u00e7\u00e3o do Portal Cariri em A\u00e7\u00e3o pelo WhatsApp (83) 9 9634.5791, (83) 9 9601-1162.<\/p>\n","protected":false},"excerpt":{"rendered":"<p>Equipes do Minist\u00e9rio da Integra\u00e7\u00e3o Nacional informaram hoje (12) que o\u00a0rompimento de um canal do Eixo Norte\u00a0do Projeto de Integra\u00e7\u00e3o do Rio S\u00e3o Francisco, entre&hellip; <\/p>\n","protected":false},"author":1,"featured_media":9769,"comment_status":"closed","ping_status":"closed","sticky":false,"template":"","format":"standard","meta":{"sfsi_plus_gutenberg_text_before_share":"","sfsi_plus_gutenberg_show_text_before_share":"","sfsi_plus_gutenberg_icon_type":"","sfsi_plus_gutenberg_icon_alignemt":"","sfsi_plus_gutenburg_max_per_row":"","footnotes":""},"categories":[12],"tags":[],"class_list":["post-61145","post","type-post","status-publish","format-standard","has-post-thumbnail","hentry","category-policia"],"_links":{"self":[{"href":"https:\/\/www.caririemacao.com\/1\/wp-json\/wp\/v2\/posts\/61145","targetHints":{"allow":["GET"]}}],"collection":[{"href":"https:\/\/www.caririemacao.com\/1\/wp-json\/wp\/v2\/posts"}],"about":[{"href":"https:\/\/www.caririemacao.com\/1\/wp-json\/wp\/v2\/types\/post"}],"author":[{"embeddable":true,"href":"https:\/\/www.caririemacao.com\/1\/wp-json\/wp\/v2\/users\/1"}],"replies":[{"embeddable":true,"href":"https:\/\/www.caririemacao.com\/1\/wp-json\/wp\/v2\/comments?post=61145"}],"version-history":[{"count":1,"href":"https:\/\/www.caririemacao.com\/1\/wp-json\/wp\/v2\/posts\/61145\/revisions"}],"predecessor-version":[{"id":61146,"href":"https:\/\/www.caririemacao.com\/1\/wp-json\/wp\/v2\/posts\/61145\/revisions\/61146"}],"wp:featuredmedia":[{"embeddable":true,"href":"https:\/\/www.caririemacao.com\/1\/wp-json\/wp\/v2\/media\/9769"}],"wp:attachment":[{"href":"https:\/\/www.caririemacao.com\/1\/wp-json\/wp\/v2\/media?parent=61145"}],"wp:term":[{"taxonomy":"category","embeddable":true,"href":"https:\/\/www.caririemacao.com\/1\/wp-json\/wp\/v2\/categories?post=61145"},{"taxonomy":"post_tag","embeddable":true,"href":"https:\/\/www.caririemacao.com\/1\/wp-json\/wp\/v2\/tags?post=61145"}],"curies":[{"name":"wp","href":"https:\/\/api.w.org\/{rel}","templated":true}]}}