{"id":61179,"date":"2018-08-12T21:52:56","date_gmt":"2018-08-13T00:52:56","guid":{"rendered":"http:\/\/caririemacao.com\/1\/?p=61179"},"modified":"2018-08-12T21:52:56","modified_gmt":"2018-08-13T00:52:56","slug":"chuva-de-meteoros-podera-ser-vista-nesta-madrugadap","status":"publish","type":"post","link":"https:\/\/www.caririemacao.com\/1\/2018\/08\/12\/chuva-de-meteoros-podera-ser-vista-nesta-madrugadap\/","title":{"rendered":"Chuva de meteoros poder\u00e1 ser vista nesta madrugadap"},"content":{"rendered":"<p>Admiradores de fen\u00f4menos astron\u00f4micos e curiosos poder\u00e3o acompanhar na madrugada desta segunda-feira(13) uma das chuvas de meteoros mais populares do ano, as Perseidas. O fen\u00f4meno pode ser visto a olho nu desde j\u00e1 \u00e9 vis\u00edvel no pa\u00eds desde as 17 horas (hor\u00e1rio de Bras\u00edlia).<\/p>\n<p>As Perseidas t\u00eam esse nome por ocorrer pr\u00f3ximo a constela\u00e7\u00e3o de Perseu. Chuvas de meteoros acontecem quando os meteoros entram na atmosfera terrestre ao mesmo tempo, causando riscos luminosos no c\u00e9u, popularmente chamados de \u201cestrelas cadentes\u201d.<\/p>\n<p>Em via de regra, o fen\u00f4meno acontece porque a Terra atravessa a \u00f3rbita de algum cometa, ao longo da qual h\u00e1 infinidade de fragmentos do pr\u00f3prio cometa espalhados. No caso das Perseidas,\u00a0 nosso planeta est\u00e1 cruzando a trilha de destro\u00e7os deixados pelo cometa Swfit-Tuttle que tem um per\u00edodo de 133 anos.<\/p>\n<p>A trilha deixada pelo cometa \u00e9 bem larga e est\u00e1 vis\u00edvel desde o dia 17 de julho indo at\u00e9 o dia 24 de agosto, quando a Terra s\u00f3 deve sair a \u00f3rbita do cometa. Este ano, o pico m\u00e1ximo da chuva se d\u00e1 entre os dias 11 e 13 de agosto, quando \u00e9 esperado um n\u00famero\u00a0 m\u00e1ximo de 60 meteoros por hora.<\/p>\n<p>Visibilidade<\/p>\n<p>A chuva das Perseidas \u00e9 mais vis\u00edvel para observadores no hemisf\u00e9rio Norte. No Brasil, as regi\u00f5es Norte e Nordeste s\u00e3o os melhores lugares para observar o fen\u00f4meno. O melhor hor\u00e1rio ser\u00e1 por volta das 2h da madrugada. Para quem estiver no Sudeste e noCentro-Oeste, a chuva estar\u00e1 mais vis\u00edvel a partir das 3h, em Bras\u00edlia, e das 5h, em S\u00e3o Paulo. A constela\u00e7\u00e3o de Perseu aparecer\u00e1 no c\u00e9u j\u00e1 pr\u00f3ximo do nascer do sol , o que praticamente inviabiliza a observa\u00e7\u00e3o.<\/p>\n<p>Para localizar a constela\u00e7\u00e3o de Perseu basta identificar inicialmente a constela\u00e7\u00e3o de \u00d3rion, onde ficam as Tr\u00eas Marias. Ao localiz\u00e1-las, o observador deve seguir o olhar em dire\u00e7\u00e3o ao o norte, onde est\u00e1 a constela\u00e7\u00e3o de Touro e, ao lado, a de Perseu.<\/p>\n<p>A chuva desta madrugada \u00e9 uma das muitas que ocorrem ao longo do ano e que podem ser vistas a olho nu. Em maio, por exemplo, foi a vez da chuva a\u00a0Eta Aquariid, ou Eta Aqu\u00e1ridas, que teve seu pico na madrugada do dia 6 e foi vis\u00edvel em todo o Brasil . A chuva recebeu este nome, porque o seu radiante est\u00e1 localizado na constela\u00e7\u00e3o de Aqu\u00e1rio, pr\u00f3ximo da estrela mais brilhante da constela\u00e7\u00e3o, a Eta Aquarii.<\/p>\n<p>A Eta Aqu\u00e1ridas \u00e9 formada por fragmentos do Cometa Halley, um cometa com per\u00edodo orbital de cerca de 75,3 anos e seu pr\u00f3ximo peri\u00e9lio ser\u00e1 no ano de 2061, quando poder\u00e1 ser visto novamente da Terra. Outra chuva de meteoros \u201cnascida\u201d do Halley \u00e9 de Orionids, que ocorre em outubro.<\/p>\n<p>Um m\u00eas antes, em abril, ocorreu a primeira das tradicionais chuvas de meteoros anuais e de grande intensidade: as Lyrids, ou L\u00edridas. O nome se deve ao fato de que a regi\u00e3o do c\u00e9u da qual a chuva parece estar vindo em dire\u00e7\u00e3o \u00e0 Terra fica na constela\u00e7\u00e3o Lyra.<\/p>\n<p>No Brasil, as L\u00edridas tiveram teve seu pico m\u00e1ximo, na passagem do dia 22 para o dia 23 de abril, quando foi poss\u00edvel observar um fluxo de 10 a 20 meteoros por hora.<\/p>\n<p>Registro<\/p>\n<p>Quem registrar imagens de meteoros desta chuva pode envi\u00e1-las ao\u00a0projeto Exoss, uma rede colaborativa, que busca conhecer as origens, natureza e caracteriza\u00e7\u00e3o de \u00f3rbitas dos meteoros.<\/p>\n<p>Na p\u00e1gina da rede \u00e9 poss\u00edvel obter d\u00e1 dicas de como fotografar meteoros, explica os fen\u00f4menos, oferece estat\u00edsticas de meteoros e meteoritos e orienta os interessados para fazer observa\u00e7\u00e3o visual, al\u00e9m de mostrar imagens em tempo real das esta\u00e7\u00f5es instaladas.<\/p>\n<p>No Brasil, s\u00e3o integrantes da Exoss, a sede do\u00a0Observat\u00f3rio Nacional\u00a0no Rio de Janeiro, o Observat\u00f3rio Astron\u00f4mico do Sert\u00e3o de Itaparica, em Itacuruba, Pernambuco. Essa rede re\u00fane e analisa, ainda, os relatos e imagens enviadas pelo p\u00fablico.<\/p>\n<p>&nbsp;<\/p>\n<p><strong><em>Rede Exoss e do Observat\u00f3rio Nacional\/Foto: Reprodu\u00e7\u00e3o\u00a0<\/em><\/strong><\/p>\n<p>Cariri Em A\u00e7\u00e3o<\/p>\n<p>Leia mais not\u00edcias em\u00a0<a href=\"http:\/\/www.caririemacao.com\/\">caririemacao.com<\/a>, siga nossa p\u00e1gina no\u00a0<a href=\"https:\/\/www.facebook.com\/CaririEmAcao\/?ref=aymt_homepage_panel\">Facebook<\/a>,\u00a0<a href=\"https:\/\/www.instagram.com\/cariri_em_acao\/?hl=pt-br\">Instagram<\/a>\u00a0e\u00a0<a href=\"https:\/\/www.youtube.com\/channel\/UCAptA0jQuYQy8vMhLt2m4qg\">Youtube<\/a>\u00a0e veja nossas mat\u00e9rias, v\u00eddeos e fotos. Voc\u00ea tamb\u00e9m pode enviar informa\u00e7\u00f5es \u00e0 Reda\u00e7\u00e3o do Portal Cariri em A\u00e7\u00e3o pelo WhatsApp (83) 9 9634.5791, (83) 9 9601-1162.<\/p>\n","protected":false},"excerpt":{"rendered":"<p>Admiradores de fen\u00f4menos astron\u00f4micos e curiosos poder\u00e3o acompanhar na madrugada desta segunda-feira(13) uma das chuvas de meteoros mais populares do ano, as Perseidas. O fen\u00f4meno&hellip; <\/p>\n","protected":false},"author":1,"featured_media":61180,"comment_status":"closed","ping_status":"closed","sticky":false,"template":"","format":"standard","meta":{"sfsi_plus_gutenberg_text_before_share":"","sfsi_plus_gutenberg_show_text_before_share":"","sfsi_plus_gutenberg_icon_type":"","sfsi_plus_gutenberg_icon_alignemt":"","sfsi_plus_gutenburg_max_per_row":"","footnotes":""},"categories":[2],"tags":[],"class_list":["post-61179","post","type-post","status-publish","format-standard","has-post-thumbnail","hentry","category-geral"],"_links":{"self":[{"href":"https:\/\/www.caririemacao.com\/1\/wp-json\/wp\/v2\/posts\/61179","targetHints":{"allow":["GET"]}}],"collection":[{"href":"https:\/\/www.caririemacao.com\/1\/wp-json\/wp\/v2\/posts"}],"about":[{"href":"https:\/\/www.caririemacao.com\/1\/wp-json\/wp\/v2\/types\/post"}],"author":[{"embeddable":true,"href":"https:\/\/www.caririemacao.com\/1\/wp-json\/wp\/v2\/users\/1"}],"replies":[{"embeddable":true,"href":"https:\/\/www.caririemacao.com\/1\/wp-json\/wp\/v2\/comments?post=61179"}],"version-history":[{"count":1,"href":"https:\/\/www.caririemacao.com\/1\/wp-json\/wp\/v2\/posts\/61179\/revisions"}],"predecessor-version":[{"id":61181,"href":"https:\/\/www.caririemacao.com\/1\/wp-json\/wp\/v2\/posts\/61179\/revisions\/61181"}],"wp:featuredmedia":[{"embeddable":true,"href":"https:\/\/www.caririemacao.com\/1\/wp-json\/wp\/v2\/media\/61180"}],"wp:attachment":[{"href":"https:\/\/www.caririemacao.com\/1\/wp-json\/wp\/v2\/media?parent=61179"}],"wp:term":[{"taxonomy":"category","embeddable":true,"href":"https:\/\/www.caririemacao.com\/1\/wp-json\/wp\/v2\/categories?post=61179"},{"taxonomy":"post_tag","embeddable":true,"href":"https:\/\/www.caririemacao.com\/1\/wp-json\/wp\/v2\/tags?post=61179"}],"curies":[{"name":"wp","href":"https:\/\/api.w.org\/{rel}","templated":true}]}}