{"id":61318,"date":"2018-08-13T22:05:14","date_gmt":"2018-08-14T01:05:14","guid":{"rendered":"http:\/\/caririemacao.com\/1\/?p=61318"},"modified":"2018-08-13T22:05:14","modified_gmt":"2018-08-14T01:05:14","slug":"maranhao-antes-do-debate-o-eleitor-valoriza-que-e-ficha-limpa","status":"publish","type":"post","link":"https:\/\/www.caririemacao.com\/1\/2018\/08\/13\/maranhao-antes-do-debate-o-eleitor-valoriza-que-e-ficha-limpa\/","title":{"rendered":"Maranh\u00e3o antes do debate: o eleitor valoriza que \u00e9 \u00b4ficha limpa\u00b4"},"content":{"rendered":"<p>O senador Jos\u00e9 Maranh\u00e3o (MDB) disse que o debate com os candidatos a governador, na noite desta segunda-feira, na TV Arapuan, de Jo\u00e3o Pessoa, \u00e9 uma boa oportunidade para os candidatos expressarem o pensamento e o projeto para a solu\u00e7\u00e3o dos problemas da vida das pessoas.<\/p>\n<p>Z\u00e9 destacou, em entrevista \u00e0 emissora, que ter\u00e1 um peso extraordin\u00e1rio no pleito deste ano ser \u00b4ficha limpa\u00b4.<\/p>\n<p>\u201cO povo sabe o que isso significa e valoriza os que se portam com \u00e9tica na vida p\u00fablica\u201d, acrescentou.<\/p>\n<p>Maranh\u00e3o disse esperar que todos os concorrentes percebam que os eleitores est\u00e3o vivendo um novo tempo, no qual ningu\u00e9m quer debates de baixarias e acusa\u00e7\u00f5es inver\u00eddicas.<\/p>\n<p>&nbsp;<\/p>\n<p>Cariri Em A\u00e7\u00e3o<\/p>\n<p>Leia mais not\u00edcias em\u00a0<a href=\"http:\/\/www.caririemacao.com\/\">caririemacao.com<\/a>, siga nossa p\u00e1gina no\u00a0<a href=\"https:\/\/www.facebook.com\/CaririEmAcao\/?ref=aymt_homepage_panel\">Facebook<\/a>,\u00a0<a href=\"https:\/\/www.instagram.com\/cariri_em_acao\/?hl=pt-br\">Instagram<\/a>\u00a0e\u00a0<a href=\"https:\/\/www.youtube.com\/channel\/UCAptA0jQuYQy8vMhLt2m4qg\">Youtube<\/a>\u00a0e veja nossas mat\u00e9rias, v\u00eddeos e fotos. Voc\u00ea tamb\u00e9m pode enviar informa\u00e7\u00f5es \u00e0 Reda\u00e7\u00e3o do Portal Cariri em A\u00e7\u00e3o pelo WhatsApp (83) 9 9634.5791, (83) 9 9601-1162.<\/p>\n","protected":false},"excerpt":{"rendered":"<p>O senador Jos\u00e9 Maranh\u00e3o (MDB) disse que o debate com os candidatos a governador, na noite desta segunda-feira, na TV Arapuan, de Jo\u00e3o Pessoa, \u00e9&hellip; <\/p>\n","protected":false},"author":1,"featured_media":61319,"comment_status":"closed","ping_status":"closed","sticky":false,"template":"","format":"standard","meta":{"sfsi_plus_gutenberg_text_before_share":"","sfsi_plus_gutenberg_show_text_before_share":"","sfsi_plus_gutenberg_icon_type":"","sfsi_plus_gutenberg_icon_alignemt":"","sfsi_plus_gutenburg_max_per_row":"","footnotes":""},"categories":[1],"tags":[],"class_list":["post-61318","post","type-post","status-publish","format-standard","has-post-thumbnail","hentry","category-o-site"],"_links":{"self":[{"href":"https:\/\/www.caririemacao.com\/1\/wp-json\/wp\/v2\/posts\/61318","targetHints":{"allow":["GET"]}}],"collection":[{"href":"https:\/\/www.caririemacao.com\/1\/wp-json\/wp\/v2\/posts"}],"about":[{"href":"https:\/\/www.caririemacao.com\/1\/wp-json\/wp\/v2\/types\/post"}],"author":[{"embeddable":true,"href":"https:\/\/www.caririemacao.com\/1\/wp-json\/wp\/v2\/users\/1"}],"replies":[{"embeddable":true,"href":"https:\/\/www.caririemacao.com\/1\/wp-json\/wp\/v2\/comments?post=61318"}],"version-history":[{"count":1,"href":"https:\/\/www.caririemacao.com\/1\/wp-json\/wp\/v2\/posts\/61318\/revisions"}],"predecessor-version":[{"id":61320,"href":"https:\/\/www.caririemacao.com\/1\/wp-json\/wp\/v2\/posts\/61318\/revisions\/61320"}],"wp:featuredmedia":[{"embeddable":true,"href":"https:\/\/www.caririemacao.com\/1\/wp-json\/wp\/v2\/media\/61319"}],"wp:attachment":[{"href":"https:\/\/www.caririemacao.com\/1\/wp-json\/wp\/v2\/media?parent=61318"}],"wp:term":[{"taxonomy":"category","embeddable":true,"href":"https:\/\/www.caririemacao.com\/1\/wp-json\/wp\/v2\/categories?post=61318"},{"taxonomy":"post_tag","embeddable":true,"href":"https:\/\/www.caririemacao.com\/1\/wp-json\/wp\/v2\/tags?post=61318"}],"curies":[{"name":"wp","href":"https:\/\/api.w.org\/{rel}","templated":true}]}}