{"id":61321,"date":"2018-08-13T22:07:51","date_gmt":"2018-08-14T01:07:51","guid":{"rendered":"http:\/\/caririemacao.com\/1\/?p=61321"},"modified":"2018-08-13T22:07:51","modified_gmt":"2018-08-14T01:07:51","slug":"lucelio-disse-esperar-um-bom-debate-na-tv-arapuan","status":"publish","type":"post","link":"https:\/\/www.caririemacao.com\/1\/2018\/08\/13\/lucelio-disse-esperar-um-bom-debate-na-tv-arapuan\/","title":{"rendered":"Luc\u00e9lio disse esperar \u201cum bom debate\u201d na TV Arapuan"},"content":{"rendered":"<p>O candidato Luc\u00e9lio Cartaxo (PV) disse esperar \u201cum bom debate\u201d na noite desta segunda-feira na TV Arapuan, em Jo\u00e3o Pessoa. \u201cAfinal os paraibanos esperam de todos um debate com ideias e propostas para saber como trabalhar em janeiro de 2019, com muito di\u00e1logo, mantendo o que deu certo em toda a Para\u00edba e fazendo mais por quem mais precisa\u201d, frisou.<\/p>\n<p>\u00c0 \u00f3tica de Luc\u00e9lio, o grande desafio ser\u00e1 de gerar emprego e renda para a juventude, para que o Estado avance.<\/p>\n<p>Luc\u00e9lio destacou ainda as gest\u00f5es de Jo\u00e3o Pessoa e Campina Grande como os pilares para o poss\u00edvel governo a partir de 2019.<\/p>\n<p>&nbsp;<\/p>\n<p>Cariri Em A\u00e7\u00e3o<\/p>\n<p>Leia mais not\u00edcias em\u00a0<a href=\"http:\/\/www.caririemacao.com\/\">caririemacao.com<\/a>, siga nossa p\u00e1gina no\u00a0<a href=\"https:\/\/www.facebook.com\/CaririEmAcao\/?ref=aymt_homepage_panel\">Facebook<\/a>,\u00a0<a href=\"https:\/\/www.instagram.com\/cariri_em_acao\/?hl=pt-br\">Instagram<\/a>\u00a0e\u00a0<a href=\"https:\/\/www.youtube.com\/channel\/UCAptA0jQuYQy8vMhLt2m4qg\">Youtube<\/a>\u00a0e veja nossas mat\u00e9rias, v\u00eddeos e fotos. Voc\u00ea tamb\u00e9m pode enviar informa\u00e7\u00f5es \u00e0 Reda\u00e7\u00e3o do Portal Cariri em A\u00e7\u00e3o pelo WhatsApp (83) 9 9634.5791, (83) 9 9601-1162.<\/p>\n","protected":false},"excerpt":{"rendered":"<p>O candidato Luc\u00e9lio Cartaxo (PV) disse esperar \u201cum bom debate\u201d na noite desta segunda-feira na TV Arapuan, em Jo\u00e3o Pessoa. \u201cAfinal os paraibanos esperam de&hellip; <\/p>\n","protected":false},"author":1,"featured_media":61322,"comment_status":"closed","ping_status":"closed","sticky":false,"template":"","format":"standard","meta":{"sfsi_plus_gutenberg_text_before_share":"","sfsi_plus_gutenberg_show_text_before_share":"","sfsi_plus_gutenberg_icon_type":"","sfsi_plus_gutenberg_icon_alignemt":"","sfsi_plus_gutenburg_max_per_row":"","footnotes":""},"categories":[1],"tags":[],"class_list":["post-61321","post","type-post","status-publish","format-standard","has-post-thumbnail","hentry","category-o-site"],"_links":{"self":[{"href":"https:\/\/www.caririemacao.com\/1\/wp-json\/wp\/v2\/posts\/61321","targetHints":{"allow":["GET"]}}],"collection":[{"href":"https:\/\/www.caririemacao.com\/1\/wp-json\/wp\/v2\/posts"}],"about":[{"href":"https:\/\/www.caririemacao.com\/1\/wp-json\/wp\/v2\/types\/post"}],"author":[{"embeddable":true,"href":"https:\/\/www.caririemacao.com\/1\/wp-json\/wp\/v2\/users\/1"}],"replies":[{"embeddable":true,"href":"https:\/\/www.caririemacao.com\/1\/wp-json\/wp\/v2\/comments?post=61321"}],"version-history":[{"count":1,"href":"https:\/\/www.caririemacao.com\/1\/wp-json\/wp\/v2\/posts\/61321\/revisions"}],"predecessor-version":[{"id":61323,"href":"https:\/\/www.caririemacao.com\/1\/wp-json\/wp\/v2\/posts\/61321\/revisions\/61323"}],"wp:featuredmedia":[{"embeddable":true,"href":"https:\/\/www.caririemacao.com\/1\/wp-json\/wp\/v2\/media\/61322"}],"wp:attachment":[{"href":"https:\/\/www.caririemacao.com\/1\/wp-json\/wp\/v2\/media?parent=61321"}],"wp:term":[{"taxonomy":"category","embeddable":true,"href":"https:\/\/www.caririemacao.com\/1\/wp-json\/wp\/v2\/categories?post=61321"},{"taxonomy":"post_tag","embeddable":true,"href":"https:\/\/www.caririemacao.com\/1\/wp-json\/wp\/v2\/tags?post=61321"}],"curies":[{"name":"wp","href":"https:\/\/api.w.org\/{rel}","templated":true}]}}