{"id":61324,"date":"2018-08-13T22:10:51","date_gmt":"2018-08-14T01:10:51","guid":{"rendered":"http:\/\/caririemacao.com\/1\/?p=61324"},"modified":"2018-08-13T22:10:51","modified_gmt":"2018-08-14T01:10:51","slug":"tarcio-somos-o-unico-que-destoa-do-programa-e-da-postura-dos-outros","status":"publish","type":"post","link":"https:\/\/www.caririemacao.com\/1\/2018\/08\/13\/tarcio-somos-o-unico-que-destoa-do-programa-e-da-postura-dos-outros\/","title":{"rendered":"T\u00e1rcio: \u201cSomos o \u00fanico que destoa do programa e da postura dos outros\u201d"},"content":{"rendered":"<p>O candidato ao governo do Estado pelo PSOL, T\u00e1rcio Teixeira, disse que pretende utilizar o debate da TV Arapuan para apresentar seus projetos \u00e0 Para\u00edba.<\/p>\n<p>\u201cSomos o \u00fanico que destoa do programa e da postura dos outros. Sou candidato em um momento maravilhoso. Fui candidato na mais disputada elei\u00e7\u00e3o da hist\u00f3ria da Para\u00edba e sou novamente na mais imprevis\u00edvel\u201d, declarou em sua chegada \u00e0 emissora.<\/p>\n<p>O membro do PSOL elogiou o formato do programa: \u201c\u00c9 inovador e din\u00e2mico, onde poderemos ver a postura de cada um. Espero que todo mundo possa ver que \u00e9 poss\u00edvel transformar a Para\u00edba e que os outros n\u00e3o fujam do debate, que seja propositivo\u201d.<\/p>\n<p>&nbsp;<\/p>\n<p>Cariri Em A\u00e7\u00e3o<\/p>\n<p>Leia mais not\u00edcias em\u00a0<a href=\"http:\/\/www.caririemacao.com\/\">caririemacao.com<\/a>, siga nossa p\u00e1gina no\u00a0<a href=\"https:\/\/www.facebook.com\/CaririEmAcao\/?ref=aymt_homepage_panel\">Facebook<\/a>,\u00a0<a href=\"https:\/\/www.instagram.com\/cariri_em_acao\/?hl=pt-br\">Instagram<\/a>\u00a0e\u00a0<a href=\"https:\/\/www.youtube.com\/channel\/UCAptA0jQuYQy8vMhLt2m4qg\">Youtube<\/a>\u00a0e veja nossas mat\u00e9rias, v\u00eddeos e fotos. Voc\u00ea tamb\u00e9m pode enviar informa\u00e7\u00f5es \u00e0 Reda\u00e7\u00e3o do Portal Cariri em A\u00e7\u00e3o pelo WhatsApp (83) 9 9634.5791, (83) 9 9601-1162.<\/p>\n","protected":false},"excerpt":{"rendered":"<p>O candidato ao governo do Estado pelo PSOL, T\u00e1rcio Teixeira, disse que pretende utilizar o debate da TV Arapuan para apresentar seus projetos \u00e0 Para\u00edba.&hellip; <\/p>\n","protected":false},"author":1,"featured_media":61325,"comment_status":"closed","ping_status":"closed","sticky":false,"template":"","format":"standard","meta":{"sfsi_plus_gutenberg_text_before_share":"","sfsi_plus_gutenberg_show_text_before_share":"","sfsi_plus_gutenberg_icon_type":"","sfsi_plus_gutenberg_icon_alignemt":"","sfsi_plus_gutenburg_max_per_row":"","footnotes":""},"categories":[1],"tags":[],"class_list":["post-61324","post","type-post","status-publish","format-standard","has-post-thumbnail","hentry","category-o-site"],"_links":{"self":[{"href":"https:\/\/www.caririemacao.com\/1\/wp-json\/wp\/v2\/posts\/61324","targetHints":{"allow":["GET"]}}],"collection":[{"href":"https:\/\/www.caririemacao.com\/1\/wp-json\/wp\/v2\/posts"}],"about":[{"href":"https:\/\/www.caririemacao.com\/1\/wp-json\/wp\/v2\/types\/post"}],"author":[{"embeddable":true,"href":"https:\/\/www.caririemacao.com\/1\/wp-json\/wp\/v2\/users\/1"}],"replies":[{"embeddable":true,"href":"https:\/\/www.caririemacao.com\/1\/wp-json\/wp\/v2\/comments?post=61324"}],"version-history":[{"count":1,"href":"https:\/\/www.caririemacao.com\/1\/wp-json\/wp\/v2\/posts\/61324\/revisions"}],"predecessor-version":[{"id":61326,"href":"https:\/\/www.caririemacao.com\/1\/wp-json\/wp\/v2\/posts\/61324\/revisions\/61326"}],"wp:featuredmedia":[{"embeddable":true,"href":"https:\/\/www.caririemacao.com\/1\/wp-json\/wp\/v2\/media\/61325"}],"wp:attachment":[{"href":"https:\/\/www.caririemacao.com\/1\/wp-json\/wp\/v2\/media?parent=61324"}],"wp:term":[{"taxonomy":"category","embeddable":true,"href":"https:\/\/www.caririemacao.com\/1\/wp-json\/wp\/v2\/categories?post=61324"},{"taxonomy":"post_tag","embeddable":true,"href":"https:\/\/www.caririemacao.com\/1\/wp-json\/wp\/v2\/tags?post=61324"}],"curies":[{"name":"wp","href":"https:\/\/api.w.org\/{rel}","templated":true}]}}