{"id":61327,"date":"2018-08-13T22:15:31","date_gmt":"2018-08-14T01:15:31","guid":{"rendered":"http:\/\/caririemacao.com\/1\/?p=61327"},"modified":"2018-08-13T22:15:31","modified_gmt":"2018-08-14T01:15:31","slug":"maranhao-pretende-construir-terceiro-eixo-da-br-230-caso-seja-eleito","status":"publish","type":"post","link":"https:\/\/www.caririemacao.com\/1\/2018\/08\/13\/maranhao-pretende-construir-terceiro-eixo-da-br-230-caso-seja-eleito\/","title":{"rendered":"Maranh\u00e3o pretende construir terceiro eixo da BR 230, caso seja eleito"},"content":{"rendered":"<p>O candidato ao governo do Estado, nas elei\u00e7\u00f5es 2018, Jos\u00e9 Maranh\u00e3o do MDB, durante o debate na TV Arapuan, falou sobre as a\u00e7\u00f5es que pretende implantar, caso seja eleito, com rela\u00e7\u00e3o a BR 230 e a mobilidade urbana nesta localidade.<\/p>\n<p>Segundo Maranh\u00e3o, a rodovia entre Cabedelo e Campina Grande, constru\u00edda em seu governo, j\u00e1 est\u00e1 congestionada e sua pretens\u00e3o \u00e9 realizar um terceiro eixo. De acordo com ele, a obra ter\u00e1 participa\u00e7\u00e3o do Governo Federal.<\/p>\n<p>\u2013 Os recursos est\u00e3o alocados para o primeiro est\u00e1gio da obra. N\u00e3o est\u00e1 faltando recursos e da mesma forma que constru\u00ed a duplica\u00e7\u00e3o de Campina Grande a Cabedelo, mesmo quando o governo federal falhou, nos suprimos os recursos necess\u00e1rios para que a obra n\u00e3o parasse e foi constru\u00edda em tempo recorde, pois minha vis\u00e3o \u00e9 desenvolvimento com novas obras, trabalho e sobretudo gera\u00e7\u00e3o de emprego. A triplica\u00e7\u00e3o \u00e9 importante e pouco importa a quest\u00e3o pol\u00edtica, o que importa \u00e9 o a gest\u00e3o e as necessidades reais da popula\u00e7\u00e3o \u2013 disse Maranh\u00e3o.<\/p>\n<p><strong>Informa\u00e7\u00f5es do Debate da TV Arapuan\/Foto: Reprodu\u00e7\u00e3o\u00a0<\/strong><\/p>\n<p>Cariri Em A\u00e7\u00e3o<\/p>\n<p>Leia mais not\u00edcias em\u00a0<a href=\"http:\/\/www.caririemacao.com\/\">caririemacao.com<\/a>, siga nossa p\u00e1gina no\u00a0<a href=\"https:\/\/www.facebook.com\/CaririEmAcao\/?ref=aymt_homepage_panel\">Facebook<\/a>,\u00a0<a href=\"https:\/\/www.instagram.com\/cariri_em_acao\/?hl=pt-br\">Instagram<\/a>\u00a0e\u00a0<a href=\"https:\/\/www.youtube.com\/channel\/UCAptA0jQuYQy8vMhLt2m4qg\">Youtube<\/a>\u00a0e veja nossas mat\u00e9rias, v\u00eddeos e fotos. Voc\u00ea tamb\u00e9m pode enviar informa\u00e7\u00f5es \u00e0 Reda\u00e7\u00e3o do Portal Cariri em A\u00e7\u00e3o pelo WhatsApp (83) 9 9634.5791, (83) 9 9601-1162.<\/p>\n","protected":false},"excerpt":{"rendered":"<p>O candidato ao governo do Estado, nas elei\u00e7\u00f5es 2018, Jos\u00e9 Maranh\u00e3o do MDB, durante o debate na TV Arapuan, falou sobre as a\u00e7\u00f5es que pretende&hellip; <\/p>\n","protected":false},"author":1,"featured_media":61328,"comment_status":"closed","ping_status":"closed","sticky":false,"template":"","format":"standard","meta":{"sfsi_plus_gutenberg_text_before_share":"","sfsi_plus_gutenberg_show_text_before_share":"","sfsi_plus_gutenberg_icon_type":"","sfsi_plus_gutenberg_icon_alignemt":"","sfsi_plus_gutenburg_max_per_row":"","footnotes":""},"categories":[1],"tags":[],"class_list":["post-61327","post","type-post","status-publish","format-standard","has-post-thumbnail","hentry","category-o-site"],"_links":{"self":[{"href":"https:\/\/www.caririemacao.com\/1\/wp-json\/wp\/v2\/posts\/61327","targetHints":{"allow":["GET"]}}],"collection":[{"href":"https:\/\/www.caririemacao.com\/1\/wp-json\/wp\/v2\/posts"}],"about":[{"href":"https:\/\/www.caririemacao.com\/1\/wp-json\/wp\/v2\/types\/post"}],"author":[{"embeddable":true,"href":"https:\/\/www.caririemacao.com\/1\/wp-json\/wp\/v2\/users\/1"}],"replies":[{"embeddable":true,"href":"https:\/\/www.caririemacao.com\/1\/wp-json\/wp\/v2\/comments?post=61327"}],"version-history":[{"count":1,"href":"https:\/\/www.caririemacao.com\/1\/wp-json\/wp\/v2\/posts\/61327\/revisions"}],"predecessor-version":[{"id":61329,"href":"https:\/\/www.caririemacao.com\/1\/wp-json\/wp\/v2\/posts\/61327\/revisions\/61329"}],"wp:featuredmedia":[{"embeddable":true,"href":"https:\/\/www.caririemacao.com\/1\/wp-json\/wp\/v2\/media\/61328"}],"wp:attachment":[{"href":"https:\/\/www.caririemacao.com\/1\/wp-json\/wp\/v2\/media?parent=61327"}],"wp:term":[{"taxonomy":"category","embeddable":true,"href":"https:\/\/www.caririemacao.com\/1\/wp-json\/wp\/v2\/categories?post=61327"},{"taxonomy":"post_tag","embeddable":true,"href":"https:\/\/www.caririemacao.com\/1\/wp-json\/wp\/v2\/tags?post=61327"}],"curies":[{"name":"wp","href":"https:\/\/api.w.org\/{rel}","templated":true}]}}