{"id":61350,"date":"2018-08-13T23:29:01","date_gmt":"2018-08-14T02:29:01","guid":{"rendered":"http:\/\/caririemacao.com\/1\/?p=61350"},"modified":"2018-08-13T23:29:01","modified_gmt":"2018-08-14T02:29:01","slug":"candidato-do-mdb-concorda-com-modelo-de-educacao-tecnica-profissional","status":"publish","type":"post","link":"https:\/\/www.caririemacao.com\/1\/2018\/08\/13\/candidato-do-mdb-concorda-com-modelo-de-educacao-tecnica-profissional\/","title":{"rendered":"Candidato do MDB concorda com modelo de educa\u00e7\u00e3o t\u00e9cnica profissional"},"content":{"rendered":"<div id=\"attachment_487632\" class=\"wp-caption alignnone\"><img decoding=\"async\" class=\"wp-image-487632 size-medium lazyload\" data-src=\"https:\/\/paraibaonline.com.br\/wp-content\/uploads\/2018\/08\/ze-d-556x417.jpg\" data-srcset=\"https:\/\/paraibaonline.com.br\/wp-content\/uploads\/2018\/08\/ze-d-556x417.jpg 556w, https:\/\/paraibaonline.com.br\/wp-content\/uploads\/2018\/08\/ze-d.jpg 800w\" alt=\"\" src=\"data:image\/svg+xml;base64,PHN2ZyB3aWR0aD0iMSIgaGVpZ2h0PSIxIiB4bWxucz0iaHR0cDovL3d3dy53My5vcmcvMjAwMC9zdmciPjwvc3ZnPg==\" style=\"--smush-placeholder-width: 556px; --smush-placeholder-aspect-ratio: 556\/417;\" \/><\/p>\n<p class=\"wp-caption-text\">Foto: Reprodu\u00e7\u00e3o\/TV Arapuan<\/p>\n<\/div>\n<p>O candidato do MDB ao governo do estado, Jos\u00e9 Maranh\u00e3o, durante o debate promovido pela TV Arapuan, respondeu o candidato do governo, Jo\u00e3o Azev\u00eado (PSB), sobre a import\u00e2ncia das escolas t\u00e9cnicas na Para\u00edba.<\/p>\n<p>Maranh\u00e3o disse que o modelo de ensino no Brasil \u00e9 equivocado e n\u00e3o prepara o aluno do ensino m\u00e9dio para o mercado de trabalho.<\/p>\n<p>\u2013 \u00c9 preciso corrigir esse problema na educa\u00e7\u00e3o nacional. No governo, caso eleito, vamos manter o que est\u00e1 correto e corrigir o que estiver errado, mas sobre a educa\u00e7\u00e3o t\u00e9cnica profissional implementada no governo atual, estamos em pleno acordo e acho importante que se tenha escolas t\u00e9cnicas nesse pa\u00eds \u2013 disse.<\/p>\n<p>Maranh\u00e3o comentou ainda que, al\u00e9m da qualifica\u00e7\u00e3o profissional dos jovens, precisa-se qualificar tamb\u00e9m os professores e garantir, al\u00e9m da forma\u00e7\u00e3o, o emprego para os jovens.<\/p>\n<p>&nbsp;<\/p>\n<p><strong>Para\u00edba Online\/Foto: Reprodu\u00e7\u00e3o\u00a0<\/strong><\/p>\n<p>Cariri Em A\u00e7\u00e3o<\/p>\n<p>Leia mais not\u00edcias em\u00a0<a href=\"http:\/\/www.caririemacao.com\/\">caririemacao.com<\/a>, siga nossa p\u00e1gina no\u00a0<a href=\"https:\/\/www.facebook.com\/CaririEmAcao\/?ref=aymt_homepage_panel\">Facebook<\/a>,\u00a0<a href=\"https:\/\/www.instagram.com\/cariri_em_acao\/?hl=pt-br\">Instagram<\/a>\u00a0e\u00a0<a href=\"https:\/\/www.youtube.com\/channel\/UCAptA0jQuYQy8vMhLt2m4qg\">Youtube<\/a>\u00a0e veja nossas mat\u00e9rias, v\u00eddeos e fotos. Voc\u00ea tamb\u00e9m pode enviar informa\u00e7\u00f5es \u00e0 Reda\u00e7\u00e3o do Portal Cariri em A\u00e7\u00e3o pelo WhatsApp (83) 9 9634.5791, (83) 9 9601-1162.<\/p>\n","protected":false},"excerpt":{"rendered":"<p>Foto: Reprodu\u00e7\u00e3o\/TV Arapuan O candidato do MDB ao governo do estado, Jos\u00e9 Maranh\u00e3o, durante o debate promovido pela TV Arapuan, respondeu o candidato do governo,&hellip; <\/p>\n","protected":false},"author":1,"featured_media":61346,"comment_status":"closed","ping_status":"closed","sticky":false,"template":"","format":"standard","meta":{"sfsi_plus_gutenberg_text_before_share":"","sfsi_plus_gutenberg_show_text_before_share":"","sfsi_plus_gutenberg_icon_type":"","sfsi_plus_gutenberg_icon_alignemt":"","sfsi_plus_gutenburg_max_per_row":"","footnotes":""},"categories":[1],"tags":[],"class_list":["post-61350","post","type-post","status-publish","format-standard","has-post-thumbnail","hentry","category-o-site"],"_links":{"self":[{"href":"https:\/\/www.caririemacao.com\/1\/wp-json\/wp\/v2\/posts\/61350","targetHints":{"allow":["GET"]}}],"collection":[{"href":"https:\/\/www.caririemacao.com\/1\/wp-json\/wp\/v2\/posts"}],"about":[{"href":"https:\/\/www.caririemacao.com\/1\/wp-json\/wp\/v2\/types\/post"}],"author":[{"embeddable":true,"href":"https:\/\/www.caririemacao.com\/1\/wp-json\/wp\/v2\/users\/1"}],"replies":[{"embeddable":true,"href":"https:\/\/www.caririemacao.com\/1\/wp-json\/wp\/v2\/comments?post=61350"}],"version-history":[{"count":1,"href":"https:\/\/www.caririemacao.com\/1\/wp-json\/wp\/v2\/posts\/61350\/revisions"}],"predecessor-version":[{"id":61351,"href":"https:\/\/www.caririemacao.com\/1\/wp-json\/wp\/v2\/posts\/61350\/revisions\/61351"}],"wp:featuredmedia":[{"embeddable":true,"href":"https:\/\/www.caririemacao.com\/1\/wp-json\/wp\/v2\/media\/61346"}],"wp:attachment":[{"href":"https:\/\/www.caririemacao.com\/1\/wp-json\/wp\/v2\/media?parent=61350"}],"wp:term":[{"taxonomy":"category","embeddable":true,"href":"https:\/\/www.caririemacao.com\/1\/wp-json\/wp\/v2\/categories?post=61350"},{"taxonomy":"post_tag","embeddable":true,"href":"https:\/\/www.caririemacao.com\/1\/wp-json\/wp\/v2\/tags?post=61350"}],"curies":[{"name":"wp","href":"https:\/\/api.w.org\/{rel}","templated":true}]}}