{"id":61481,"date":"2018-08-15T07:51:02","date_gmt":"2018-08-15T10:51:02","guid":{"rendered":"http:\/\/caririemacao.com\/1\/?p=61481"},"modified":"2018-08-15T07:51:02","modified_gmt":"2018-08-15T10:51:02","slug":"candidatos-ao-governo-da-paraiba-declaram-mais-de-r-10-milhoes-em-bens-ao-tre","status":"publish","type":"post","link":"https:\/\/www.caririemacao.com\/1\/2018\/08\/15\/candidatos-ao-governo-da-paraiba-declaram-mais-de-r-10-milhoes-em-bens-ao-tre\/","title":{"rendered":"Candidatos ao Governo da Para\u00edba declaram mais de R$ 10 milh\u00f5es em bens ao TRE"},"content":{"rendered":"<div class=\"titulo\">\n<p>Publicado em 14 de agosto de 2018 \u00e0s 23:40.<\/p>\n<\/div>\n<div class=\"content\">\n<p>O Tribunal Superior Eleitoral (TSE) divulgou nesta ter\u00e7a-feira (14) a lista de bens declarados e os dos pessoais dos candidatos que ir\u00e3o disputar as elei\u00e7\u00f5es majorit\u00e1rias em outubro em todo o Brasil.<\/p>\n<p>Na Para\u00edba, os bens declarados dos cinco candidatos que ir\u00e3o disputar o governo do Estado somam pouco mais de R$ de 10 milh\u00f5es. Todos ter\u00e3o como limites de gastos de campanha para o primeiro turno das elei\u00e7\u00f5es, R$ 5, 6 milh\u00f5es e R$ 2, 8 milh\u00f5es para o segundo turno.<\/p>\n<p>O candidato Jos\u00e9 Maranh\u00e3o, que disputa o governo pela Coliga\u00e7\u00e3o \u201cPorque o povo quer\u201d (MDB\/Patriotas\/PR) \u00e9 o mais abonado de todos. Seus bens est\u00e3o declarados no valor de R$ 8, 037 milh\u00f5es entre bens im\u00f3veis. Maranh\u00e3o \u00e9 senador da Rep\u00fablica.<\/p>\n<p>Em seguida est\u00e1 o engenheiro Jo\u00e3o Azevedo, que disputar\u00e1 o governo pela Coliga\u00e7\u00e3o \u201cA For\u00e7a do Trabalho\u201d ( PSB\/ PDT\/ PT\/ DEM\/ PTB\/ PRP\/ Podemos\/PRB\/ PC do B\/ Avante\/ PPS\/Rede\/PMN\/PROS). Seu patrim\u00f4nio est\u00e1 avaliado em R$ 1.053.340,88, cujos bens envolvem casa, apartamento, ve\u00edculos e poupan\u00e7a.<\/p>\n<p>O candidato Luc\u00e9lio Cartaxo, farmac\u00eautico de forma\u00e7\u00e3o, concorre ao governo atrav\u00e9s da Coliga\u00e7\u00e3o \u201cFor\u00e7a da Esperan\u00e7a\u201d (PV\/PSDB\/PP\/PSD\/PSC\/Solidariedade\/DC\/PRTB\/PHS\/PTC\/PSL\/PPL). Ele declarou R$ 746. 963,23 do total avaliado de bens im\u00f3veis, ve\u00edculos e quota de capital.<\/p>\n<p>J\u00e1 o candidato do PSOL, o assistente social do Minist\u00e9rio P\u00fablico,T\u00e1rcio Teixeira, tem bens avaliados em R$ 299.157,64, entre eles est\u00e3o declarados dois terrenos, um apartamento e um ve\u00edculo.<\/p>\n<p>A professora de Ensino Fundamental, Rama Dantas, \u00fanica mulher a disputar o governo da Para\u00edba atrav\u00e9s do PSTU, tem bens avaliados em R$ 8 mil incluindo um ve\u00edculo.<\/p>\n<p style=\"text-align: right;\"><strong><em>Para\u00edba Online\u00a0<\/em><\/strong><\/p>\n<\/div>\n","protected":false},"excerpt":{"rendered":"<p>Publicado em 14 de agosto de 2018 \u00e0s 23:40. O Tribunal Superior Eleitoral (TSE) divulgou nesta ter\u00e7a-feira (14) a lista de bens declarados e os&hellip; <\/p>\n","protected":false},"author":1,"featured_media":61432,"comment_status":"closed","ping_status":"closed","sticky":false,"template":"","format":"standard","meta":{"sfsi_plus_gutenberg_text_before_share":"","sfsi_plus_gutenberg_show_text_before_share":"","sfsi_plus_gutenberg_icon_type":"","sfsi_plus_gutenberg_icon_alignemt":"","sfsi_plus_gutenburg_max_per_row":"","footnotes":""},"categories":[1],"tags":[],"class_list":["post-61481","post","type-post","status-publish","format-standard","has-post-thumbnail","hentry","category-o-site"],"_links":{"self":[{"href":"https:\/\/www.caririemacao.com\/1\/wp-json\/wp\/v2\/posts\/61481","targetHints":{"allow":["GET"]}}],"collection":[{"href":"https:\/\/www.caririemacao.com\/1\/wp-json\/wp\/v2\/posts"}],"about":[{"href":"https:\/\/www.caririemacao.com\/1\/wp-json\/wp\/v2\/types\/post"}],"author":[{"embeddable":true,"href":"https:\/\/www.caririemacao.com\/1\/wp-json\/wp\/v2\/users\/1"}],"replies":[{"embeddable":true,"href":"https:\/\/www.caririemacao.com\/1\/wp-json\/wp\/v2\/comments?post=61481"}],"version-history":[{"count":1,"href":"https:\/\/www.caririemacao.com\/1\/wp-json\/wp\/v2\/posts\/61481\/revisions"}],"predecessor-version":[{"id":61482,"href":"https:\/\/www.caririemacao.com\/1\/wp-json\/wp\/v2\/posts\/61481\/revisions\/61482"}],"wp:featuredmedia":[{"embeddable":true,"href":"https:\/\/www.caririemacao.com\/1\/wp-json\/wp\/v2\/media\/61432"}],"wp:attachment":[{"href":"https:\/\/www.caririemacao.com\/1\/wp-json\/wp\/v2\/media?parent=61481"}],"wp:term":[{"taxonomy":"category","embeddable":true,"href":"https:\/\/www.caririemacao.com\/1\/wp-json\/wp\/v2\/categories?post=61481"},{"taxonomy":"post_tag","embeddable":true,"href":"https:\/\/www.caririemacao.com\/1\/wp-json\/wp\/v2\/tags?post=61481"}],"curies":[{"name":"wp","href":"https:\/\/api.w.org\/{rel}","templated":true}]}}