{"id":61483,"date":"2018-08-15T08:05:54","date_gmt":"2018-08-15T11:05:54","guid":{"rendered":"http:\/\/caririemacao.com\/1\/?p=61483"},"modified":"2018-08-15T08:05:54","modified_gmt":"2018-08-15T11:05:54","slug":"delegado-da-policia-federal-de-patos-capota-carro-entre-as-cidades-de-soledade-e-juazeirinho","status":"publish","type":"post","link":"https:\/\/www.caririemacao.com\/1\/2018\/08\/15\/delegado-da-policia-federal-de-patos-capota-carro-entre-as-cidades-de-soledade-e-juazeirinho\/","title":{"rendered":"Delegado da Pol\u00edcia Federal de Patos capota carro entre as cidades de Soledade e Juazeirinho"},"content":{"rendered":"<p>O delegado da Pol\u00edcia Federal em Patos, Jos\u00e9 Ant\u00f4nio da Silva, 55 anos, sofreu um acidente de tr\u00e2nsito, na manh\u00e3 desta ter\u00e7a-feira (14), em trecho da BR-230 entre os munic\u00edpios de Soledade e Juazeirinho, no Agreste paraibano. Ele foi socorrido para o Hospital de Emerg\u00eancia e Trauma de Campina Grande.<\/p>\n<p>De acordo com a Pol\u00edcia Rodovi\u00e1ria Federal (PRF), o delegado teria capotado o carro que conduzia. As causas do acidente n\u00e3o tinham sido apontadas at\u00e9 o fechamento desta mat\u00e9ria. Uma equipe do Servi\u00e7o de Atendimento M\u00f3vel de Urg\u00eancia (Samu) foi acionada para prestar os primeiros socorros e, em seguida, encaminh\u00e1-lo para o hospital.<\/p>\n<p>O delegado deu entrada no Hospital de Emerg\u00eancia e Trauma de Campina Grande por volta das 11h10, cerca de uma hora e meia ap\u00f3s o acidente. Segundo a assessoria de comunica\u00e7\u00e3o da unidade de sa\u00fade, Jos\u00e9 Ant\u00f4nio da Silva est\u00e1 consciente e orientado, em quadro cl\u00ednico considerado est\u00e1vel.<\/p>\n<p style=\"text-align: right;\"><strong><em>Folhapatoense\/Foto:Reprodu\u00e7\u00e3o<\/em><\/strong><\/p>\n","protected":false},"excerpt":{"rendered":"<p>O delegado da Pol\u00edcia Federal em Patos, Jos\u00e9 Ant\u00f4nio da Silva, 55 anos, sofreu um acidente de tr\u00e2nsito, na manh\u00e3 desta ter\u00e7a-feira (14), em trecho&hellip; <\/p>\n","protected":false},"author":1,"featured_media":61484,"comment_status":"closed","ping_status":"closed","sticky":false,"template":"","format":"standard","meta":{"sfsi_plus_gutenberg_text_before_share":"","sfsi_plus_gutenberg_show_text_before_share":"","sfsi_plus_gutenberg_icon_type":"","sfsi_plus_gutenberg_icon_alignemt":"","sfsi_plus_gutenburg_max_per_row":"","footnotes":""},"categories":[12],"tags":[],"class_list":["post-61483","post","type-post","status-publish","format-standard","has-post-thumbnail","hentry","category-policia"],"_links":{"self":[{"href":"https:\/\/www.caririemacao.com\/1\/wp-json\/wp\/v2\/posts\/61483","targetHints":{"allow":["GET"]}}],"collection":[{"href":"https:\/\/www.caririemacao.com\/1\/wp-json\/wp\/v2\/posts"}],"about":[{"href":"https:\/\/www.caririemacao.com\/1\/wp-json\/wp\/v2\/types\/post"}],"author":[{"embeddable":true,"href":"https:\/\/www.caririemacao.com\/1\/wp-json\/wp\/v2\/users\/1"}],"replies":[{"embeddable":true,"href":"https:\/\/www.caririemacao.com\/1\/wp-json\/wp\/v2\/comments?post=61483"}],"version-history":[{"count":1,"href":"https:\/\/www.caririemacao.com\/1\/wp-json\/wp\/v2\/posts\/61483\/revisions"}],"predecessor-version":[{"id":61485,"href":"https:\/\/www.caririemacao.com\/1\/wp-json\/wp\/v2\/posts\/61483\/revisions\/61485"}],"wp:featuredmedia":[{"embeddable":true,"href":"https:\/\/www.caririemacao.com\/1\/wp-json\/wp\/v2\/media\/61484"}],"wp:attachment":[{"href":"https:\/\/www.caririemacao.com\/1\/wp-json\/wp\/v2\/media?parent=61483"}],"wp:term":[{"taxonomy":"category","embeddable":true,"href":"https:\/\/www.caririemacao.com\/1\/wp-json\/wp\/v2\/categories?post=61483"},{"taxonomy":"post_tag","embeddable":true,"href":"https:\/\/www.caririemacao.com\/1\/wp-json\/wp\/v2\/tags?post=61483"}],"curies":[{"name":"wp","href":"https:\/\/api.w.org\/{rel}","templated":true}]}}