{"id":61486,"date":"2018-08-15T08:10:19","date_gmt":"2018-08-15T11:10:19","guid":{"rendered":"http:\/\/caririemacao.com\/1\/?p=61486"},"modified":"2018-08-15T08:10:19","modified_gmt":"2018-08-15T11:10:19","slug":"acidente-grave-mata-duas-mulheres-na-br-230-em-sousa-no-sertao","status":"publish","type":"post","link":"https:\/\/www.caririemacao.com\/1\/2018\/08\/15\/acidente-grave-mata-duas-mulheres-na-br-230-em-sousa-no-sertao\/","title":{"rendered":"Acidente grave mata duas mulheres na BR-230 em Sousa, no Sert\u00e3o"},"content":{"rendered":"<p>Duas mulheres morreram v\u00edtimas de um grave acidente na noite dessa ter\u00e7a-feira (14) na BR-230, em Sousa, no Sert\u00e3o do Estado.<\/p>\n<p>De acordo com testemunhas, tr\u00eas carros estavam seguindo pela rodovia, quando um parou em um posto e o que estava com as v\u00edtimas foi fazer uma manobra, mas acabou sendo atingido por outro ve\u00edculo.<\/p>\n<p>Uma das mulheres morreu ainda no local. A outra ainda chegou a ser socorrida, mas n\u00e3o resistiu aos ferimentos e morreu. Outras tr\u00eas pessoas que estavam no carro ficaram feridas, foram levadas para o Hospital Regional de Sousa, e em seguida liberadas.<\/p>\n<p>Os ocupantes do outro ve\u00edculo ficaram levemente feridas.<\/p>\n<p style=\"text-align: right;\"><em><strong>MaisPB<\/strong><\/em><\/p>\n","protected":false},"excerpt":{"rendered":"<p>Duas mulheres morreram v\u00edtimas de um grave acidente na noite dessa ter\u00e7a-feira (14) na BR-230, em Sousa, no Sert\u00e3o do Estado. De acordo com testemunhas,&hellip; <\/p>\n","protected":false},"author":1,"featured_media":42005,"comment_status":"closed","ping_status":"closed","sticky":false,"template":"","format":"standard","meta":{"sfsi_plus_gutenberg_text_before_share":"","sfsi_plus_gutenberg_show_text_before_share":"","sfsi_plus_gutenberg_icon_type":"","sfsi_plus_gutenberg_icon_alignemt":"","sfsi_plus_gutenburg_max_per_row":"","footnotes":""},"categories":[12],"tags":[],"class_list":["post-61486","post","type-post","status-publish","format-standard","has-post-thumbnail","hentry","category-policia"],"_links":{"self":[{"href":"https:\/\/www.caririemacao.com\/1\/wp-json\/wp\/v2\/posts\/61486","targetHints":{"allow":["GET"]}}],"collection":[{"href":"https:\/\/www.caririemacao.com\/1\/wp-json\/wp\/v2\/posts"}],"about":[{"href":"https:\/\/www.caririemacao.com\/1\/wp-json\/wp\/v2\/types\/post"}],"author":[{"embeddable":true,"href":"https:\/\/www.caririemacao.com\/1\/wp-json\/wp\/v2\/users\/1"}],"replies":[{"embeddable":true,"href":"https:\/\/www.caririemacao.com\/1\/wp-json\/wp\/v2\/comments?post=61486"}],"version-history":[{"count":1,"href":"https:\/\/www.caririemacao.com\/1\/wp-json\/wp\/v2\/posts\/61486\/revisions"}],"predecessor-version":[{"id":61487,"href":"https:\/\/www.caririemacao.com\/1\/wp-json\/wp\/v2\/posts\/61486\/revisions\/61487"}],"wp:featuredmedia":[{"embeddable":true,"href":"https:\/\/www.caririemacao.com\/1\/wp-json\/wp\/v2\/media\/42005"}],"wp:attachment":[{"href":"https:\/\/www.caririemacao.com\/1\/wp-json\/wp\/v2\/media?parent=61486"}],"wp:term":[{"taxonomy":"category","embeddable":true,"href":"https:\/\/www.caririemacao.com\/1\/wp-json\/wp\/v2\/categories?post=61486"},{"taxonomy":"post_tag","embeddable":true,"href":"https:\/\/www.caririemacao.com\/1\/wp-json\/wp\/v2\/tags?post=61486"}],"curies":[{"name":"wp","href":"https:\/\/api.w.org\/{rel}","templated":true}]}}