{"id":61488,"date":"2018-08-15T08:13:08","date_gmt":"2018-08-15T11:13:08","guid":{"rendered":"http:\/\/caririemacao.com\/1\/?p=61488"},"modified":"2018-08-15T08:13:08","modified_gmt":"2018-08-15T11:13:08","slug":"stf-retira-de-moro-mais-delacoes-contra-lula","status":"publish","type":"post","link":"https:\/\/www.caririemacao.com\/1\/2018\/08\/15\/stf-retira-de-moro-mais-delacoes-contra-lula\/","title":{"rendered":"STF retira de Moro mais dela\u00e7\u00f5es contra Lula"},"content":{"rendered":"<div class=\"mc-column content-text active-extra-styles active-capital-letter\" data-block-type=\"unstyled\" data-block-weight=\"47\" data-block-id=\"2\">\n<p class=\"content-text__container theme-color-primary-first-letter\" data-track-category=\"Link no Texto\" data-track-links=\"\">A Segunda Turma do Supremo Tribunal Federal (STF) decidiu nesta ter\u00e7a-feira (14), por 3 votos a 1, retirar do juiz S\u00e9rgio Moro, do Paran\u00e1, e transferir para a Justi\u00e7a Federal em Bras\u00edlia novos trechos de depoimentos da Odebrecht que citam o ex-presidente Luiz In\u00e1cio Lula da Silva.<\/p>\n<\/div>\n<div class=\"wall\">\n<div class=\"mc-column content-text active-extra-styles \" data-block-type=\"unstyled\" data-block-weight=\"28\" data-block-id=\"3\">\n<p class=\"content-text__container \" data-track-category=\"Link no Texto\" data-track-links=\"\">Trata-se de depoimentos sobre a rela\u00e7\u00e3o da Odebrecht com Lula. No entendimento dos ministros, n\u00e3o h\u00e1 conex\u00e3o com fatos apurados na Petrobras e, portanto, na Opera\u00e7\u00e3o Lava Jato.<\/p>\n<\/div>\n<div class=\"mc-column content-text active-extra-styles \" data-block-type=\"unstyled\" data-block-weight=\"23\" data-block-id=\"4\">\n<p class=\"content-text__container \" data-track-category=\"Link no Texto\" data-track-links=\"\">A decis\u00e3o da turma n\u00e3o retira nenhum processo do juiz Moro e n\u00e3o impede que ele pe\u00e7a compartilhamento das informa\u00e7\u00f5es remetidas a Bras\u00edlia.<\/p>\n<\/div>\n<div class=\"mc-column content-text active-extra-styles \" data-block-type=\"unstyled\" data-block-weight=\"43\" data-block-id=\"5\">\n<p class=\"content-text__container \" data-track-category=\"Link no Texto\" data-track-links=\"\">Em abril, os ministros decidiram tirar de Moro\u00a0trechos das dela\u00e7\u00f5es sobre o s\u00edtio de Atibaia e sobre o Instituto Lula\u00a0por n\u00e3o terem rela\u00e7\u00e3o com a Petrobras. Isso, no entanto, n\u00e3o alterou os processos sobre o tema que j\u00e1 tramitavam no Paran\u00e1.<\/p>\n<\/div>\n<div class=\"mc-column content-text active-extra-styles \" data-block-type=\"unstyled\" data-block-weight=\"34\" data-block-id=\"6\">\n<p class=\"content-text__container \" data-track-category=\"Link no Texto\" data-track-links=\"\">Por decis\u00e3o da Segunda Turma nesta ter\u00e7a, tamb\u00e9m foram remetidos para Justi\u00e7a Federal de Bras\u00edlia trechos que citam o ex-ministro Guido Mantega nas planilhas \u201cItaliano\u201d e \u201cP\u00f3s-italiano\u201d, que apontam pagamentos a campanhas do PT.<\/p>\n<\/div>\n<div class=\"mc-column content-text active-extra-styles \" data-block-type=\"unstyled\" data-block-weight=\"32\" data-block-id=\"7\">\n<p class=\"content-text__container \" data-track-category=\"Link no Texto\" data-track-links=\"\">Em outra decis\u00e3o, a Segunda Turma tamb\u00e9m decidiu retirar do juiz do Paran\u00e1 trechos de depoimentos sobre repasses para campanhas eleitorais e enviou para o Tribunal Regional Eleitoral (TRE) do Distrito Federal.<\/p>\n<\/div>\n<div class=\"mc-column content-text active-extra-styles \" data-block-type=\"unstyled\" data-block-weight=\"40\" data-block-id=\"8\">\n<p class=\"content-text__container \" data-track-category=\"Link no Texto\" data-track-links=\"\">Os entendimentos foram tomados contra posi\u00e7\u00e3o do relator da Lava Jato no STF, ministro Luiz Edson Fachin, e contra posi\u00e7\u00e3o da Procuradoria Geral da Rep\u00fablica que entendiam que deveria permanecer no Paran\u00e1 em raz\u00e3o da conex\u00e3o com a Lava Jato.<\/p>\n<\/div>\n<div class=\"mc-column content-text active-extra-styles \" data-block-type=\"unstyled\" data-block-weight=\"49\" data-block-id=\"9\">\n<p class=\"content-text__container \" data-track-category=\"Link no Texto\" data-track-links=\"\">A decis\u00e3o tomada anteriormente pela Segunda Turma levou o ex-presidente Lula a entrar com uma reclama\u00e7\u00e3o no STF pedindo a\u00a0retirada de processo sobre o s\u00edtio de Atibaia do juiz Moro. O ministro Toffoli negou conceder liminar para retirar o processo, mas a reclama\u00e7\u00e3o ainda ter\u00e1 que ser julgada.<\/p>\n<\/div>\n<div class=\"mc-column content-text active-extra-styles \" data-block-type=\"unstyled\" data-block-weight=\"40\" data-block-id=\"10\">\n<p class=\"content-text__container \" data-track-category=\"Link no Texto\" data-track-links=\"\">Ap\u00f3s atender a pedidos da Procuradoria Geral da Rep\u00fablica para envio dos trechos das dela\u00e7\u00f5es da Odebrecht para todo pa\u00eds, em abril do ano passado, o ministro Fachin remeteu as informa\u00e7\u00f5es para o juiz Moro. A defesa de Lula recorreu.<\/p>\n<\/div>\n<div class=\"content-ads content-ads--reveal\" data-block-type=\"ads\" data-block-id=\"11\">\n<div id=\"banner_materia2\" class=\"tag-manager-publicidade-container has-reveal has-ad-lazyload tag-manager-publicidade-banner_materia2 tag-manager-publicidade-container--carregado tag-manager-publicidade-container--visivel\" data-id=\"banner_materia2\" data-google-query-id=\"CPfM1IjE7dwCFQ8bAQod-uIJfg\" data-cid=\"138241433055\" data-lid=\"4745714133\">\n<div class=\"wall\">\n<div class=\"mc-column content-text active-extra-styles \" data-block-type=\"unstyled\" data-block-weight=\"29\" data-block-id=\"12\">\n<p class=\"content-text__container \" data-track-category=\"Link no Texto\" data-track-links=\"\">O argumento central \u00e9 que os fatos j\u00e1 s\u00e3o investigados em Bras\u00edlia. H\u00e1 investiga\u00e7\u00f5es em andamento sobre remessas para o exterior feitas pela J&amp;F em benef\u00edcio das campanhas petistas.<\/p>\n<\/div>\n<div class=\"mc-column content-text active-extra-styles \" data-block-type=\"unstyled\" data-block-weight=\"58\" data-block-id=\"13\">\n<p class=\"content-text__container \" data-track-category=\"Link no Texto\" data-track-links=\"\">Fachin j\u00e1 tinha atendido parcialmente pedido da defesa, para determinar que um dos itens da planilha n\u00e3o poderia ser investigado no Paran\u00e1 porque j\u00e1 existe inqu\u00e9rito sobre o tema no STF. Mas manteve o restante do material com o juiz do Paran\u00e1. A Segunda Turma, por\u00e9m, entendeu que os depoimentos t\u00eam rela\u00e7\u00e3o com fatos em apura\u00e7\u00e3o em Bras\u00edlia.<\/p>\n<\/div>\n<div class=\"mc-column content-text active-extra-styles \" data-block-type=\"unstyled\" data-block-weight=\"30\" data-block-id=\"14\">\n<p class=\"content-text__container \" data-track-category=\"Link no Texto\" data-track-links=\"\">Sobre Lula, h\u00e1 depoimentos de Emilio Odebrecht que descrevem o relacionamento mantido com Lula e motivos pelos quais a empresa passou a contribuir, em raz\u00e3o de interesses no setor petroqu\u00edmico.<\/p>\n<\/div>\n<div class=\"mc-column content-text active-extra-styles \" data-block-type=\"unstyled\" data-block-weight=\"36\" data-block-id=\"15\">\n<p class=\"content-text__container \" data-track-category=\"Link no Texto\" data-track-links=\"\">E m rela\u00e7\u00e3o a Mantega, trata-sem das planilhas de pagamentos do setor de opera\u00e7\u00f5es estruturadas, o departamento de propinas da Odebrecht. S\u00e3o depoimentos de Alexandrino Alencar, Em\u00edlio Odebrecht, Hilberto Silva, Marcelo Odebrecht e Luiz Eduardo Soares.<\/p>\n<\/div>\n<\/div>\n<div data-track-category=\"fim do conteudo\" data-track-action=\"ultimo chunk conteudo\" data-track-noninteraction=\"false\" data-track-scroll=\"entrada completa viewport\">\n<div class=\"mc-column content-text active-extra-styles \" data-block-type=\"unstyled\" data-block-weight=\"26\" data-block-id=\"16\">\n<p class=\"content-text__container \" data-track-category=\"Link no Texto\" data-track-links=\"\">Tamb\u00e9m sobre Mantega h\u00e1 trechos de depoimentos do ex-diretor Fernando Migliaccio, que apontou informa\u00e7\u00f5es sobre a planilha \u201cItaliano\u201d e \u201cP\u00f3s-Italiano\u201d, al\u00e9m de atua\u00e7\u00e3o em campanhas internacionais.<\/p>\n<p style=\"text-align: right;\" data-track-category=\"Link no Texto\" data-track-links=\"\"><strong><em>G1<\/em><\/strong><\/p>\n<\/div>\n<\/div>\n<\/div>\n<\/div>\n<\/div>\n","protected":false},"excerpt":{"rendered":"<p>A Segunda Turma do Supremo Tribunal Federal (STF) decidiu nesta ter\u00e7a-feira (14), por 3 votos a 1, retirar do juiz S\u00e9rgio Moro, do Paran\u00e1, e&hellip; <\/p>\n","protected":false},"author":1,"featured_media":38645,"comment_status":"closed","ping_status":"closed","sticky":false,"template":"","format":"standard","meta":{"sfsi_plus_gutenberg_text_before_share":"","sfsi_plus_gutenberg_show_text_before_share":"","sfsi_plus_gutenberg_icon_type":"","sfsi_plus_gutenberg_icon_alignemt":"","sfsi_plus_gutenburg_max_per_row":"","footnotes":""},"categories":[11],"tags":[],"class_list":["post-61488","post","type-post","status-publish","format-standard","has-post-thumbnail","hentry","category-politica"],"_links":{"self":[{"href":"https:\/\/www.caririemacao.com\/1\/wp-json\/wp\/v2\/posts\/61488","targetHints":{"allow":["GET"]}}],"collection":[{"href":"https:\/\/www.caririemacao.com\/1\/wp-json\/wp\/v2\/posts"}],"about":[{"href":"https:\/\/www.caririemacao.com\/1\/wp-json\/wp\/v2\/types\/post"}],"author":[{"embeddable":true,"href":"https:\/\/www.caririemacao.com\/1\/wp-json\/wp\/v2\/users\/1"}],"replies":[{"embeddable":true,"href":"https:\/\/www.caririemacao.com\/1\/wp-json\/wp\/v2\/comments?post=61488"}],"version-history":[{"count":1,"href":"https:\/\/www.caririemacao.com\/1\/wp-json\/wp\/v2\/posts\/61488\/revisions"}],"predecessor-version":[{"id":61489,"href":"https:\/\/www.caririemacao.com\/1\/wp-json\/wp\/v2\/posts\/61488\/revisions\/61489"}],"wp:featuredmedia":[{"embeddable":true,"href":"https:\/\/www.caririemacao.com\/1\/wp-json\/wp\/v2\/media\/38645"}],"wp:attachment":[{"href":"https:\/\/www.caririemacao.com\/1\/wp-json\/wp\/v2\/media?parent=61488"}],"wp:term":[{"taxonomy":"category","embeddable":true,"href":"https:\/\/www.caririemacao.com\/1\/wp-json\/wp\/v2\/categories?post=61488"},{"taxonomy":"post_tag","embeddable":true,"href":"https:\/\/www.caririemacao.com\/1\/wp-json\/wp\/v2\/tags?post=61488"}],"curies":[{"name":"wp","href":"https:\/\/api.w.org\/{rel}","templated":true}]}}