{"id":61490,"date":"2018-08-15T08:16:24","date_gmt":"2018-08-15T11:16:24","guid":{"rendered":"http:\/\/caririemacao.com\/1\/?p=61490"},"modified":"2018-08-15T08:20:27","modified_gmt":"2018-08-15T11:20:27","slug":"duas-pessoas-sao-executadas-e-tiros-e-facadas-em-santa-rita","status":"publish","type":"post","link":"https:\/\/www.caririemacao.com\/1\/2018\/08\/15\/duas-pessoas-sao-executadas-e-tiros-e-facadas-em-santa-rita\/","title":{"rendered":"Duas pessoas s\u00e3o executadas e tiros e facadas em Santa Rita"},"content":{"rendered":"<p class=\" \">Duas pessoas foram executadas a tiros e a facadas na noite desta ter\u00e7a-feira (14) no munic\u00edpio de Santa Rita, regi\u00e3o metropolitana da Capital. \u00a0Um menor de 15 anos de idade estava na casa de uma tia nas proximidades da esta\u00e7\u00e3o ferrovi\u00e1ria no centro da cidade.<\/p>\n<p class=\" \">De acordo com a pol\u00edcia, dois homens ainda n\u00e3o identificados se aproximaram da v\u00edtima come\u00e7aram a atirar. O adolescente foi atingido no t\u00f3rax e na cabe\u00e7a e ainda teve uma faca cravada nas costas.<\/p>\n<p class=\" \">No Distrito de V\u00e1rzea Nova, Felipe Ferreira da Silva 22 anos de idade, estava conduzindo uma moto da marca F\u00eanix, na companhia de uma mulher identificada por Luana. Dois homens que estavam em um ve\u00edculo de cor preta, se aproximaram de Felipe, e dispararam v\u00e1rias vezes,<\/p>\n<p class=\" \">ele morreu no local, e a companheira dele foi encaminhada para UPA Tibiri, e em seguida, transferida para o hospital Trauminha em Mangabeira.<\/p>\n<p>&nbsp;<\/p>\n<p style=\"text-align: right;\"><em><strong>Para\u00edba J\u00e1\/Foto: Reprodu\u00e7\u00e3o\u00a0<\/strong><\/em><\/p>\n<p>Cariri Em A\u00e7\u00e3o<\/p>\n<p>Leia mais not\u00edcias em\u00a0<a href=\"http:\/\/www.caririemacao.com\/\">caririemacao.com<\/a>, siga nossa p\u00e1gina no\u00a0<a href=\"https:\/\/www.facebook.com\/CaririEmAcao\/?ref=aymt_homepage_panel\">Facebook<\/a>,\u00a0<a href=\"https:\/\/www.instagram.com\/cariri_em_acao\/?hl=pt-br\">Instagram<\/a>\u00a0e\u00a0<a href=\"https:\/\/www.youtube.com\/channel\/UCAptA0jQuYQy8vMhLt2m4qg\">Youtube<\/a>\u00a0e veja nossas mat\u00e9rias, v\u00eddeos e fotos. Voc\u00ea tamb\u00e9m pode enviar informa\u00e7\u00f5es \u00e0 Reda\u00e7\u00e3o do Portal Cariri em A\u00e7\u00e3o pelo WhatsApp (83) 9 9634.5791, (83) 9 9601-1162.<\/p>\n","protected":false},"excerpt":{"rendered":"<p>Duas pessoas foram executadas a tiros e a facadas na noite desta ter\u00e7a-feira (14) no munic\u00edpio de Santa Rita, regi\u00e3o metropolitana da Capital. \u00a0Um menor&hellip; <\/p>\n","protected":false},"author":1,"featured_media":30567,"comment_status":"closed","ping_status":"closed","sticky":false,"template":"","format":"standard","meta":{"sfsi_plus_gutenberg_text_before_share":"","sfsi_plus_gutenberg_show_text_before_share":"","sfsi_plus_gutenberg_icon_type":"","sfsi_plus_gutenberg_icon_alignemt":"","sfsi_plus_gutenburg_max_per_row":"","footnotes":""},"categories":[12],"tags":[],"class_list":["post-61490","post","type-post","status-publish","format-standard","has-post-thumbnail","hentry","category-policia"],"_links":{"self":[{"href":"https:\/\/www.caririemacao.com\/1\/wp-json\/wp\/v2\/posts\/61490","targetHints":{"allow":["GET"]}}],"collection":[{"href":"https:\/\/www.caririemacao.com\/1\/wp-json\/wp\/v2\/posts"}],"about":[{"href":"https:\/\/www.caririemacao.com\/1\/wp-json\/wp\/v2\/types\/post"}],"author":[{"embeddable":true,"href":"https:\/\/www.caririemacao.com\/1\/wp-json\/wp\/v2\/users\/1"}],"replies":[{"embeddable":true,"href":"https:\/\/www.caririemacao.com\/1\/wp-json\/wp\/v2\/comments?post=61490"}],"version-history":[{"count":2,"href":"https:\/\/www.caririemacao.com\/1\/wp-json\/wp\/v2\/posts\/61490\/revisions"}],"predecessor-version":[{"id":61494,"href":"https:\/\/www.caririemacao.com\/1\/wp-json\/wp\/v2\/posts\/61490\/revisions\/61494"}],"wp:featuredmedia":[{"embeddable":true,"href":"https:\/\/www.caririemacao.com\/1\/wp-json\/wp\/v2\/media\/30567"}],"wp:attachment":[{"href":"https:\/\/www.caririemacao.com\/1\/wp-json\/wp\/v2\/media?parent=61490"}],"wp:term":[{"taxonomy":"category","embeddable":true,"href":"https:\/\/www.caririemacao.com\/1\/wp-json\/wp\/v2\/categories?post=61490"},{"taxonomy":"post_tag","embeddable":true,"href":"https:\/\/www.caririemacao.com\/1\/wp-json\/wp\/v2\/tags?post=61490"}],"curies":[{"name":"wp","href":"https:\/\/api.w.org\/{rel}","templated":true}]}}