{"id":61492,"date":"2018-08-15T08:18:47","date_gmt":"2018-08-15T11:18:47","guid":{"rendered":"http:\/\/caririemacao.com\/1\/?p=61492"},"modified":"2018-08-15T08:18:47","modified_gmt":"2018-08-15T11:18:47","slug":"agenda-do-candidato-a-governador-lucelio-cartaxo-nesta-quarta-feira","status":"publish","type":"post","link":"https:\/\/www.caririemacao.com\/1\/2018\/08\/15\/agenda-do-candidato-a-governador-lucelio-cartaxo-nesta-quarta-feira\/","title":{"rendered":"Agenda do candidato a governador Luc\u00e9lio Cartaxo nesta quarta-feira"},"content":{"rendered":"<div dir=\"auto\"><img decoding=\"async\" class=\"aligncenter size-full wp-image-485272 lazyload\" data-src=\"https:\/\/paraibaonline.com.br\/wp-content\/uploads\/2018\/08\/lucelio0908.jpg\" data-srcset=\"https:\/\/paraibaonline.com.br\/wp-content\/uploads\/2018\/08\/lucelio0908.jpg 1024w, https:\/\/paraibaonline.com.br\/wp-content\/uploads\/2018\/08\/lucelio0908-556x417.jpg 556w, https:\/\/paraibaonline.com.br\/wp-content\/uploads\/2018\/08\/lucelio0908-883x662.jpg 883w, https:\/\/paraibaonline.com.br\/wp-content\/uploads\/2018\/08\/lucelio0908-800x600.jpg 800w\" alt=\"\" src=\"data:image\/svg+xml;base64,PHN2ZyB3aWR0aD0iMSIgaGVpZ2h0PSIxIiB4bWxucz0iaHR0cDovL3d3dy53My5vcmcvMjAwMC9zdmciPjwvc3ZnPg==\" \/><\/div>\n<div dir=\"auto\"><\/div>\n<div dir=\"auto\">09h \u2013 Reuni\u00e3o com equipe de campanha<\/div>\n<div dir=\"auto\"><\/div>\n<div dir=\"auto\">14h \u2013 Recebe lideran\u00e7as<\/div>\n<div dir=\"auto\"><\/div>\n<div dir=\"auto\">18h30 \u2013 Reuni\u00e3o com candidatos da chapa proporcional<\/div>\n<div dir=\"auto\"><\/div>\n<div dir=\"auto\">19h30 \u2013 Participa do lan\u00e7amento da campanha de Helena Holanda.<\/div>\n<div dir=\"auto\"><\/div>\n<div dir=\"auto\"><\/div>\n<div dir=\"auto\"><strong>Para\u00edba Online:Foto: Reprodu\u00e7\u00e3o\u00a0<\/strong><\/div>\n<div dir=\"auto\">\n<p>Cariri Em A\u00e7\u00e3o<\/p>\n<p>Leia mais not\u00edcias em\u00a0<a href=\"http:\/\/www.caririemacao.com\/\">caririemacao.com<\/a>, siga nossa p\u00e1gina no\u00a0<a href=\"https:\/\/www.facebook.com\/CaririEmAcao\/?ref=aymt_homepage_panel\">Facebook<\/a>,\u00a0<a href=\"https:\/\/www.instagram.com\/cariri_em_acao\/?hl=pt-br\">Instagram<\/a>\u00a0e\u00a0<a href=\"https:\/\/www.youtube.com\/channel\/UCAptA0jQuYQy8vMhLt2m4qg\">Youtube<\/a>\u00a0e veja nossas mat\u00e9rias, v\u00eddeos e fotos. Voc\u00ea tamb\u00e9m pode enviar informa\u00e7\u00f5es \u00e0 Reda\u00e7\u00e3o do Portal Cariri em A\u00e7\u00e3o pelo WhatsApp (83) 9 9634.5791, (83) 9 9601-1162.<\/p>\n<\/div>\n","protected":false},"excerpt":{"rendered":"<p>09h \u2013 Reuni\u00e3o com equipe de campanha 14h \u2013 Recebe lideran\u00e7as 18h30 \u2013 Reuni\u00e3o com candidatos da chapa proporcional 19h30 \u2013 Participa do lan\u00e7amento da&hellip; <\/p>\n","protected":false},"author":1,"featured_media":58778,"comment_status":"closed","ping_status":"closed","sticky":false,"template":"","format":"standard","meta":{"sfsi_plus_gutenberg_text_before_share":"","sfsi_plus_gutenberg_show_text_before_share":"","sfsi_plus_gutenberg_icon_type":"","sfsi_plus_gutenberg_icon_alignemt":"","sfsi_plus_gutenburg_max_per_row":"","footnotes":""},"categories":[1],"tags":[],"class_list":["post-61492","post","type-post","status-publish","format-standard","has-post-thumbnail","hentry","category-o-site"],"_links":{"self":[{"href":"https:\/\/www.caririemacao.com\/1\/wp-json\/wp\/v2\/posts\/61492","targetHints":{"allow":["GET"]}}],"collection":[{"href":"https:\/\/www.caririemacao.com\/1\/wp-json\/wp\/v2\/posts"}],"about":[{"href":"https:\/\/www.caririemacao.com\/1\/wp-json\/wp\/v2\/types\/post"}],"author":[{"embeddable":true,"href":"https:\/\/www.caririemacao.com\/1\/wp-json\/wp\/v2\/users\/1"}],"replies":[{"embeddable":true,"href":"https:\/\/www.caririemacao.com\/1\/wp-json\/wp\/v2\/comments?post=61492"}],"version-history":[{"count":1,"href":"https:\/\/www.caririemacao.com\/1\/wp-json\/wp\/v2\/posts\/61492\/revisions"}],"predecessor-version":[{"id":61493,"href":"https:\/\/www.caririemacao.com\/1\/wp-json\/wp\/v2\/posts\/61492\/revisions\/61493"}],"wp:featuredmedia":[{"embeddable":true,"href":"https:\/\/www.caririemacao.com\/1\/wp-json\/wp\/v2\/media\/58778"}],"wp:attachment":[{"href":"https:\/\/www.caririemacao.com\/1\/wp-json\/wp\/v2\/media?parent=61492"}],"wp:term":[{"taxonomy":"category","embeddable":true,"href":"https:\/\/www.caririemacao.com\/1\/wp-json\/wp\/v2\/categories?post=61492"},{"taxonomy":"post_tag","embeddable":true,"href":"https:\/\/www.caririemacao.com\/1\/wp-json\/wp\/v2\/tags?post=61492"}],"curies":[{"name":"wp","href":"https:\/\/api.w.org\/{rel}","templated":true}]}}