{"id":61495,"date":"2018-08-15T08:23:11","date_gmt":"2018-08-15T11:23:11","guid":{"rendered":"http:\/\/caririemacao.com\/1\/?p=61495"},"modified":"2018-08-15T08:23:11","modified_gmt":"2018-08-15T11:23:11","slug":"inscricoes-para-passeio-ciclistico-do-sest-senat-em-jp-vao-ate-o-sabado","status":"publish","type":"post","link":"https:\/\/www.caririemacao.com\/1\/2018\/08\/15\/inscricoes-para-passeio-ciclistico-do-sest-senat-em-jp-vao-ate-o-sabado\/","title":{"rendered":"Inscri\u00e7\u00f5es para Passeio Cicl\u00edstico do Sest Senat em JP v\u00e3o at\u00e9 o s\u00e1bado"},"content":{"rendered":"<div class=\"mc-column content-text active-extra-styles active-capital-letter\" data-block-type=\"unstyled\" data-block-weight=\"53\" data-block-id=\"1\">\n<p class=\"content-text__container theme-color-primary-first-letter\" data-track-category=\"Link no Texto\" data-track-links=\"\">Quem quiser participar da segunda edi\u00e7\u00e3o do Circuito Cicl\u00edstico do Sest Senat tem at\u00e9 o pr\u00f3ximo s\u00e1bado para confirmar a presen\u00e7a no evento. As inscri\u00e7\u00f5es est\u00e3o sendo feita atrav\u00e9s do\u00a0<a href=\"http:\/\/projetossociais.sestsenat.org.br\/Circuito\/IndexCiclistico\" target=\"_blank\" rel=\"noopener\">site oficial<\/a>\u00a0do evento e custam R$50. O passeio vai acontecer no dia 2 de setembro, com a largada no Busto de Tamandar\u00e9.<\/p>\n<\/div>\n<div class=\"wall\">\n<div class=\"mc-column content-text active-extra-styles \" data-block-type=\"unstyled\" data-block-weight=\"63\" data-block-id=\"2\">\n<p class=\"content-text__container \" data-track-category=\"Link no Texto\" data-track-links=\"\">Segundo a organiza\u00e7\u00e3o, maiores de 60 anos e pessoas com defici\u00eancia v\u00e3o ter direito a 50% de desconto na inscri\u00e7\u00e3o. Neste caso, a inscri\u00e7\u00e3o vai acontecer na sede do Sest Senat em Jo\u00e3o Pessoa, na Rua Coronel Jo\u00e3o Costa e Silva, 201, no Distrito Industrial, e as pessoas devem levar os documentos comprobat\u00f3rios. J\u00e1 os Trabalhadores do Transporte v\u00e3o ter gratuidade nas inscri\u00e7\u00f5es.<\/p>\n<\/div>\n<div class=\"mc-column content-media content-media--normal  content-photo\" data-block-type=\"backstage-photo\" data-block-id=\"3\">\n<div class=\"content-media__container\">\n<div class=\"content-media__image-centered\">\n<div class=\"progressive-img can-open-lightbox\" data-min-size=\"1008x566\" data-min-size-url=\"https:\/\/s2.glbimg.com\/taWWuGQ65P1k-KvfiQ9kh8-oxLs=\/0x0:2592x1456\/1008x0\/smart\/filters:strip_icc()\/s.glbimg.com\/es\/ge\/f\/original\/2017\/03\/05\/31.jpg\" data-max-size=\"1600x898\" data-max-size-url=\"https:\/\/s2.glbimg.com\/gUJxDR6sCD6YVHyGhgPR8rY7dO4=\/0x0:2592x1456\/1600x0\/smart\/filters:strip_icc()\/s.glbimg.com\/es\/ge\/f\/original\/2017\/03\/05\/31.jpg\" data-media-index=\"0\">\n<div class=\"placeholder-container\"><\/div>\n<picture><source srcset=\"https:\/\/s2.glbimg.com\/TMn5h_1cmRZKWoIYXAPQTk76HIc=\/0x0:2592x1456\/600x0\/smart\/filters:strip_icc()\/s.glbimg.com\/es\/ge\/f\/original\/2017\/03\/05\/31.jpg 1x, https:\/\/s2.glbimg.com\/7aMQ2N7sktduztbDoPxxDS3bn7s=\/0x0:2592x1456\/1200x0\/smart\/filters:strip_icc()\/s.glbimg.com\/es\/ge\/f\/original\/2017\/03\/05\/31.jpg 2x\" media=\"(max-width: 1024px)\" data-src=\"https:\/\/s2.glbimg.com\/TMn5h_1cmRZKWoIYXAPQTk76HIc=\/0x0:2592x1456\/600x0\/smart\/filters:strip_icc()\/s.glbimg.com\/es\/ge\/f\/original\/2017\/03\/05\/31.jpg 1x, https:\/\/s2.glbimg.com\/7aMQ2N7sktduztbDoPxxDS3bn7s=\/0x0:2592x1456\/1200x0\/smart\/filters:strip_icc()\/s.glbimg.com\/es\/ge\/f\/original\/2017\/03\/05\/31.jpg 2x\" \/><source srcset=\"https:\/\/s2.glbimg.com\/WYf4HjduYSfPS9QVVBYSh5cFnRE=\/0x0:2592x1456\/640x0\/smart\/filters:strip_icc()\/s.glbimg.com\/es\/ge\/f\/original\/2017\/03\/05\/31.jpg 1x, https:\/\/s2.glbimg.com\/ucJ1dtwTfEkt4UIpeheB0bFpt4Q=\/0x0:2592x1456\/1280x0\/smart\/filters:strip_icc()\/s.glbimg.com\/es\/ge\/f\/original\/2017\/03\/05\/31.jpg 2x\" media=\"(max-width: 1280px)\" data-src=\"https:\/\/s2.glbimg.com\/WYf4HjduYSfPS9QVVBYSh5cFnRE=\/0x0:2592x1456\/640x0\/smart\/filters:strip_icc()\/s.glbimg.com\/es\/ge\/f\/original\/2017\/03\/05\/31.jpg 1x, https:\/\/s2.glbimg.com\/ucJ1dtwTfEkt4UIpeheB0bFpt4Q=\/0x0:2592x1456\/1280x0\/smart\/filters:strip_icc()\/s.glbimg.com\/es\/ge\/f\/original\/2017\/03\/05\/31.jpg 2x\" \/><source srcset=\"https:\/\/s2.glbimg.com\/IHXiriVkgabZ5tpZTdJnJRoc-XU=\/0x0:2592x1456\/984x0\/smart\/filters:strip_icc()\/s.glbimg.com\/es\/ge\/f\/original\/2017\/03\/05\/31.jpg 1x, https:\/\/s2.glbimg.com\/RQadVB-iwwtjdkYt_KI9637A77s=\/0x0:2592x1456\/1968x0\/smart\/filters:strip_icc()\/s.glbimg.com\/es\/ge\/f\/original\/2017\/03\/05\/31.jpg 2x\" media=\"(max-width: 1360px)\" data-src=\"https:\/\/s2.glbimg.com\/IHXiriVkgabZ5tpZTdJnJRoc-XU=\/0x0:2592x1456\/984x0\/smart\/filters:strip_icc()\/s.glbimg.com\/es\/ge\/f\/original\/2017\/03\/05\/31.jpg 1x, https:\/\/s2.glbimg.com\/RQadVB-iwwtjdkYt_KI9637A77s=\/0x0:2592x1456\/1968x0\/smart\/filters:strip_icc()\/s.glbimg.com\/es\/ge\/f\/original\/2017\/03\/05\/31.jpg 2x\" \/><source srcset=\"https:\/\/s2.glbimg.com\/jy4jK-Yn1dISz13sf-k-2O-erfU=\/0x0:2592x1456\/1000x0\/smart\/filters:strip_icc()\/s.glbimg.com\/es\/ge\/f\/original\/2017\/03\/05\/31.jpg 1x, https:\/\/s2.glbimg.com\/P_nTm4iXT6IFx0qj-iiRuFeJfXY=\/0x0:2592x1456\/2000x0\/smart\/filters:strip_icc()\/s.glbimg.com\/es\/ge\/f\/original\/2017\/03\/05\/31.jpg 2x\" media=\"(min-width: 1361px)\" data-src=\"https:\/\/s2.glbimg.com\/jy4jK-Yn1dISz13sf-k-2O-erfU=\/0x0:2592x1456\/1000x0\/smart\/filters:strip_icc()\/s.glbimg.com\/es\/ge\/f\/original\/2017\/03\/05\/31.jpg 1x, https:\/\/s2.glbimg.com\/P_nTm4iXT6IFx0qj-iiRuFeJfXY=\/0x0:2592x1456\/2000x0\/smart\/filters:strip_icc()\/s.glbimg.com\/es\/ge\/f\/original\/2017\/03\/05\/31.jpg 2x\" \/><source srcset=\"https:\/\/s2.glbimg.com\/IHXiriVkgabZ5tpZTdJnJRoc-XU=\/0x0:2592x1456\/984x0\/smart\/filters:strip_icc()\/s.glbimg.com\/es\/ge\/f\/original\/2017\/03\/05\/31.jpg\" data-src=\"https:\/\/s2.glbimg.com\/IHXiriVkgabZ5tpZTdJnJRoc-XU=\/0x0:2592x1456\/984x0\/smart\/filters:strip_icc()\/s.glbimg.com\/es\/ge\/f\/original\/2017\/03\/05\/31.jpg\" \/><img decoding=\"async\" class=\"image content-media__image progressive-loaded td-animation-stack-type0-1\" title=\"\" src=\"https:\/\/s2.glbimg.com\/IHXiriVkgabZ5tpZTdJnJRoc-XU=\/0x0:2592x1456\/984x0\/smart\/filters:strip_icc()\/s.glbimg.com\/es\/ge\/f\/original\/2017\/03\/05\/31.jpg\" alt=\"Inscri\u00e7\u00f5es para Passeio Cicl\u00edstico do Sest Senat em JP v\u00e3o at\u00e9 o s\u00e1bado\" data-src=\"https:\/\/s2.glbimg.com\/IHXiriVkgabZ5tpZTdJnJRoc-XU=\/0x0:2592x1456\/984x0\/smart\/filters:strip_icc()\/s.glbimg.com\/es\/ge\/f\/original\/2017\/03\/05\/31.jpg\" data-pagespeed-url-hash=\"2271396365\" \/><\/picture><\/div>\n<\/div>\n<div class=\"content-media__description-centered \"><\/div>\n<\/div>\n<\/div>\n<div class=\"mc-column content-text active-extra-styles \" data-block-type=\"unstyled\" data-block-weight=\"44\" data-block-id=\"4\">\n<p class=\"content-text__container \" data-track-category=\"Link no Texto\" data-track-links=\"\">A organiza\u00e7\u00e3o pretende reunir 900 atletas no dia do evento, que vai sair do Busto e vai descer rumo \u00e0 Pra\u00e7a da Independ\u00eancia pela Avenida Epit\u00e1cio Pessoa. Segundo os organizadores, a concentra\u00e7\u00e3o do evento vai acontecer \u00e0s 6h e a largada ser\u00e1 \u00e0s 7h.<\/p>\n<\/div>\n<\/div>\n<div data-track-category=\"fim do conteudo\" data-track-action=\"ultimo chunk conteudo\" data-track-noninteraction=\"false\" data-track-scroll=\"entrada completa viewport\">\n<div class=\"mc-column content-text active-extra-styles \" data-block-type=\"unstyled\" data-block-weight=\"60\" data-block-id=\"5\">\n<p class=\"content-text__container \" data-track-category=\"Link no Texto\" data-track-links=\"\">Os participantes v\u00e3o receber os kits no dia 1\u00ba de setembro tamb\u00e9m na sede do Sest Senat, das 8h \u00e0s 17h. O kit vai ter um sinalizador de bicicleta, n\u00famero de peito do participante, camiseta, mochila e medalha p\u00f3s-passeio. No dia da realiza\u00e7\u00e3o da etapa do Circuito haver\u00e1 sorteios de brindes cedidos pelos apoiadores do evento, como bicicletas e camisas.<\/p>\n<p data-track-category=\"Link no Texto\" data-track-links=\"\">\n<p class=\"content-text__container \" data-track-category=\"Link no Texto\" data-track-links=\"\"><strong>GE Para\u00edba\/Foto: Reprodu\u00e7\u00e3o\u00a0<\/strong><\/p>\n<p>Cariri Em A\u00e7\u00e3o<\/p>\n<p>Leia mais not\u00edcias em\u00a0<a href=\"http:\/\/www.caririemacao.com\/\">caririemacao.com<\/a>, siga nossa p\u00e1gina no\u00a0<a href=\"https:\/\/www.facebook.com\/CaririEmAcao\/?ref=aymt_homepage_panel\">Facebook<\/a>,\u00a0<a href=\"https:\/\/www.instagram.com\/cariri_em_acao\/?hl=pt-br\">Instagram<\/a>\u00a0e\u00a0<a href=\"https:\/\/www.youtube.com\/channel\/UCAptA0jQuYQy8vMhLt2m4qg\">Youtube<\/a>\u00a0e veja nossas mat\u00e9rias, v\u00eddeos e fotos. Voc\u00ea tamb\u00e9m pode enviar informa\u00e7\u00f5es \u00e0 Reda\u00e7\u00e3o do Portal Cariri em A\u00e7\u00e3o pelo WhatsApp (83) 9 9634.5791, (83) 9 9601-1162.<\/p>\n<\/div>\n<\/div>\n","protected":false},"excerpt":{"rendered":"<p>Quem quiser participar da segunda edi\u00e7\u00e3o do Circuito Cicl\u00edstico do Sest Senat tem at\u00e9 o pr\u00f3ximo s\u00e1bado para confirmar a presen\u00e7a no evento. As inscri\u00e7\u00f5es&hellip; <\/p>\n","protected":false},"author":1,"featured_media":33322,"comment_status":"closed","ping_status":"closed","sticky":false,"template":"","format":"standard","meta":{"sfsi_plus_gutenberg_text_before_share":"","sfsi_plus_gutenberg_show_text_before_share":"","sfsi_plus_gutenberg_icon_type":"","sfsi_plus_gutenberg_icon_alignemt":"","sfsi_plus_gutenburg_max_per_row":"","footnotes":""},"categories":[13],"tags":[],"class_list":["post-61495","post","type-post","status-publish","format-standard","has-post-thumbnail","hentry","category-esportes"],"_links":{"self":[{"href":"https:\/\/www.caririemacao.com\/1\/wp-json\/wp\/v2\/posts\/61495","targetHints":{"allow":["GET"]}}],"collection":[{"href":"https:\/\/www.caririemacao.com\/1\/wp-json\/wp\/v2\/posts"}],"about":[{"href":"https:\/\/www.caririemacao.com\/1\/wp-json\/wp\/v2\/types\/post"}],"author":[{"embeddable":true,"href":"https:\/\/www.caririemacao.com\/1\/wp-json\/wp\/v2\/users\/1"}],"replies":[{"embeddable":true,"href":"https:\/\/www.caririemacao.com\/1\/wp-json\/wp\/v2\/comments?post=61495"}],"version-history":[{"count":1,"href":"https:\/\/www.caririemacao.com\/1\/wp-json\/wp\/v2\/posts\/61495\/revisions"}],"predecessor-version":[{"id":61496,"href":"https:\/\/www.caririemacao.com\/1\/wp-json\/wp\/v2\/posts\/61495\/revisions\/61496"}],"wp:featuredmedia":[{"embeddable":true,"href":"https:\/\/www.caririemacao.com\/1\/wp-json\/wp\/v2\/media\/33322"}],"wp:attachment":[{"href":"https:\/\/www.caririemacao.com\/1\/wp-json\/wp\/v2\/media?parent=61495"}],"wp:term":[{"taxonomy":"category","embeddable":true,"href":"https:\/\/www.caririemacao.com\/1\/wp-json\/wp\/v2\/categories?post=61495"},{"taxonomy":"post_tag","embeddable":true,"href":"https:\/\/www.caririemacao.com\/1\/wp-json\/wp\/v2\/tags?post=61495"}],"curies":[{"name":"wp","href":"https:\/\/api.w.org\/{rel}","templated":true}]}}