{"id":61497,"date":"2018-08-15T08:32:22","date_gmt":"2018-08-15T11:32:22","guid":{"rendered":"http:\/\/caririemacao.com\/1\/?p=61497"},"modified":"2018-08-15T08:34:37","modified_gmt":"2018-08-15T11:34:37","slug":"ricardo-coutinho-e-aprovado-por-75-dos-paraibanos-aponta-pesquisa-consult","status":"publish","type":"post","link":"https:\/\/www.caririemacao.com\/1\/2018\/08\/15\/ricardo-coutinho-e-aprovado-por-75-dos-paraibanos-aponta-pesquisa-consult\/","title":{"rendered":"Ricardo Coutinho \u00e9 aprovado por 75% dos paraibanos, aponta pesquisa Consult"},"content":{"rendered":"<p>O governador Ricardo Coutinho (PSB)\u00a0tem aprova\u00e7\u00e3o de 75% dos eleitores paraibanos. Os dados foram registrados\u00a0atrav\u00e9s de uma pesquisa de opini\u00e3o\u00a0feita pela empresa Consult, sobre as elei\u00e7\u00f5es 2018 na Para\u00edba e divulgados\u00a0na noite desta ter\u00e7a-feira (14). O relat\u00f3rio\u00a0revela\u00a0que o socialista tem\u00a0alto \u00edndice de satisfa\u00e7\u00e3o pelas duas gest\u00f5es consecutivas enquanto governador da Para\u00edba.<\/p>\n<p>Os \u00edndices ressaltam a lideran\u00e7a de Ricardo, que sai na frente quando o assunto \u00e9 aprova\u00e7\u00e3o popular. Na pesquisa, os eleitores foram questionados com a seguinte pergunta: Voc\u00ea aprova ou desaprova o Governo de Ricardo Coutinho, para a Para\u00edba?.<\/p>\n<p>O resultado revelou que apenas 17,35% desaprova, seguido de 7,15% indecisos.<\/p>\n<p><img fetchpriority=\"high\" decoding=\"async\" class=\"aligncenter wp-image-61498 size-full\" src=\"http:\/\/caririemacao.com\/1\/wp-content\/uploads\/2018\/08\/ricardo.jpg\" alt=\"\" width=\"388\" height=\"172\" srcset=\"https:\/\/www.caririemacao.com\/1\/wp-content\/uploads\/2018\/08\/ricardo.jpg 388w, https:\/\/www.caririemacao.com\/1\/wp-content\/uploads\/2018\/08\/ricardo-300x133.jpg 300w\" sizes=\"(max-width: 388px) 100vw, 388px\" \/><\/p>\n<p style=\"text-align: right;\"><strong><em>ClickPB\/Reprodu\u00e7\u00e3o\u00a0<\/em><\/strong><\/p>\n","protected":false},"excerpt":{"rendered":"<p>O governador Ricardo Coutinho (PSB)\u00a0tem aprova\u00e7\u00e3o de 75% dos eleitores paraibanos. Os dados foram registrados\u00a0atrav\u00e9s de uma pesquisa de opini\u00e3o\u00a0feita pela empresa Consult, sobre as&hellip; <\/p>\n","protected":false},"author":1,"featured_media":56288,"comment_status":"closed","ping_status":"closed","sticky":false,"template":"","format":"standard","meta":{"sfsi_plus_gutenberg_text_before_share":"","sfsi_plus_gutenberg_show_text_before_share":"","sfsi_plus_gutenberg_icon_type":"","sfsi_plus_gutenberg_icon_alignemt":"","sfsi_plus_gutenburg_max_per_row":"","footnotes":""},"categories":[11],"tags":[],"class_list":["post-61497","post","type-post","status-publish","format-standard","has-post-thumbnail","hentry","category-politica"],"_links":{"self":[{"href":"https:\/\/www.caririemacao.com\/1\/wp-json\/wp\/v2\/posts\/61497","targetHints":{"allow":["GET"]}}],"collection":[{"href":"https:\/\/www.caririemacao.com\/1\/wp-json\/wp\/v2\/posts"}],"about":[{"href":"https:\/\/www.caririemacao.com\/1\/wp-json\/wp\/v2\/types\/post"}],"author":[{"embeddable":true,"href":"https:\/\/www.caririemacao.com\/1\/wp-json\/wp\/v2\/users\/1"}],"replies":[{"embeddable":true,"href":"https:\/\/www.caririemacao.com\/1\/wp-json\/wp\/v2\/comments?post=61497"}],"version-history":[{"count":1,"href":"https:\/\/www.caririemacao.com\/1\/wp-json\/wp\/v2\/posts\/61497\/revisions"}],"predecessor-version":[{"id":61500,"href":"https:\/\/www.caririemacao.com\/1\/wp-json\/wp\/v2\/posts\/61497\/revisions\/61500"}],"wp:featuredmedia":[{"embeddable":true,"href":"https:\/\/www.caririemacao.com\/1\/wp-json\/wp\/v2\/media\/56288"}],"wp:attachment":[{"href":"https:\/\/www.caririemacao.com\/1\/wp-json\/wp\/v2\/media?parent=61497"}],"wp:term":[{"taxonomy":"category","embeddable":true,"href":"https:\/\/www.caririemacao.com\/1\/wp-json\/wp\/v2\/categories?post=61497"},{"taxonomy":"post_tag","embeddable":true,"href":"https:\/\/www.caririemacao.com\/1\/wp-json\/wp\/v2\/tags?post=61497"}],"curies":[{"name":"wp","href":"https:\/\/api.w.org\/{rel}","templated":true}]}}