{"id":61499,"date":"2018-08-15T08:34:03","date_gmt":"2018-08-15T11:34:03","guid":{"rendered":"http:\/\/caririemacao.com\/1\/?p=61499"},"modified":"2018-08-15T08:34:03","modified_gmt":"2018-08-15T11:34:03","slug":"fumaca-de-cigarro-e-um-risco-para-a-saude-dos-adolescentes","status":"publish","type":"post","link":"https:\/\/www.caririemacao.com\/1\/2018\/08\/15\/fumaca-de-cigarro-e-um-risco-para-a-saude-dos-adolescentes\/","title":{"rendered":"Fuma\u00e7a de cigarro \u00e9 um risco para a sa\u00fade dos adolescentes?"},"content":{"rendered":"<div class=\"mc-column content-text active-extra-styles active-capital-letter\" data-block-type=\"unstyled\" data-block-weight=\"45\">\n<p class=\"content-text__container theme-color-primary-first-letter\" data-track-category=\"Link no Texto\" data-track-links=\"\">Todo mundo sabe que cigarro faz mal \u00e0 sa\u00fade de quem fuma. At\u00e9 a\u00ed, nenhuma novidade. Todo mundo tamb\u00e9m sabe que respirar fuma\u00e7a de cigarro tamb\u00e9m pode fazer mal. Mas at\u00e9 que ponto respirar a fuma\u00e7a do cigarro pode efetivamente prejudicar a sa\u00fade dos adolescentes?<\/p>\n<\/div>\n<div class=\"wall\">\n<div class=\"mc-column content-text active-extra-styles \" data-block-type=\"unstyled\" data-block-weight=\"49\">\n<p class=\"content-text__container \" data-track-category=\"Link no Texto\" data-track-links=\"\">Um recente estudo publicado em uma das revistas pedi\u00e1tricas de maior circula\u00e7\u00e3o no mundo (&#8220;Pediatrics&#8221;) revelou que estar perto de fumantes pode fazer com que os adolescentes \u2013 que normalmente tem excelente sa\u00fade \u2013 sejam obrigados a fazer mais visitas aos prontos-socorros por quadros de cansa\u00e7o e doen\u00e7as respirat\u00f3rias.<\/p>\n<\/div>\n<div class=\"mc-column content-text active-extra-styles \" data-block-type=\"unstyled\" data-block-weight=\"42\">\n<p class=\"content-text__container \" data-track-category=\"Link no Texto\" data-track-links=\"\">Neste estudo foram avaliados 7,4 mil adolescentes saud\u00e1veis, sem diagn\u00f3stico de asma, que n\u00e3o fumavam. Destes, 25% moravam com uma pessoa que fumava dentro de casa e 35% estiveram expostos \u00e0 fuma\u00e7a de cigarro por mais de 1 hora na \u00faltima semana.<\/p>\n<\/div>\n<div class=\"mc-column content-text active-extra-styles \" data-block-type=\"unstyled\" data-block-weight=\"54\">\n<p class=\"content-text__container \" data-track-category=\"Link no Texto\" data-track-links=\"\">Resultado: os adolescentes expostos \u00e0 fuma\u00e7a do cigarro apresentaram mais epis\u00f3dios de cansa\u00e7o e de respira\u00e7\u00e3o curta, maior dificuldade na pr\u00e1tica de exerc\u00edcios f\u00edsicos, mais chiado durante o exerc\u00edcio, tosse seca \u00e0 noite, maior n\u00famero de visitas ao pronto-socorro e faltaram muito mais \u00e0s aulas, quando comparados com os adolescentes n\u00e3o expostos \u00e0 fuma\u00e7a.<\/p>\n<\/div>\n<div class=\"mc-column content-text active-extra-styles \" data-block-type=\"unstyled\" data-block-weight=\"32\">\n<p class=\"content-text__container \" data-track-category=\"Link no Texto\" data-track-links=\"\">Estes dados importantes nos mostram que quem fuma deve estar ciente de que est\u00e1 prejudicando n\u00e3o apenas a sua pr\u00f3pria sa\u00fade, mas tamb\u00e9m a sa\u00fade das pessoas queridas com quem est\u00e3o cotidianamente.<\/p>\n<\/div>\n<div class=\"mc-column content-text active-extra-styles \" data-block-type=\"unstyled\" data-block-weight=\"25\">\n<p class=\"content-text__container \" data-track-category=\"Link no Texto\" data-track-links=\"\">Para os profissionais de sa\u00fade, este estudo aponta que muitas vezes a causa de problemas respirat\u00f3rios pode estar nas pessoas com quem os pacientes convivem.<\/p>\n<\/div>\n<div class=\"mc-column content-text active-extra-styles \" data-block-type=\"unstyled\" data-block-weight=\"27\">\n<p class=\"content-text__container \" data-track-category=\"Link no Texto\" data-track-links=\"\">Muitos que fumam sabem que devem parar de fumar e n\u00e3o conseguem. Continuem tentando parar. Mas at\u00e9 l\u00e1, evitem fumar em ambientes fechados, perto de quaisquer pessoas.<\/p>\n<\/div>\n<\/div>\n<div data-track-category=\"fim do conteudo\" data-track-action=\"ultimo chunk conteudo\" data-track-noninteraction=\"false\" data-track-scroll=\"entrada completa viewport\">\n<div class=\"mc-column content-text active-extra-styles \" data-block-type=\"unstyled\" data-block-weight=\"15\">\n<p class=\"content-text__container \" data-track-category=\"Link no Texto\" data-track-links=\"\">Prejudicar conscientemente a sa\u00fade de outras pessoas deve ser das sensa\u00e7\u00f5es mais desconfort\u00e1veis que existem.<\/p>\n<\/div>\n<\/div>\n<p data-track-category=\"Link no Texto\" data-track-links=\"\">\n<p data-track-category=\"Link no Texto\" data-track-links=\"\"><strong>Bem Estar\/Foto: Reprodu\u00e7\u00e3o\u00a0<\/strong><\/p>\n<p>Cariri Em A\u00e7\u00e3o<\/p>\n<p>Leia mais not\u00edcias em\u00a0<a href=\"http:\/\/www.caririemacao.com\/\">caririemacao.com<\/a>, siga nossa p\u00e1gina no\u00a0<a href=\"https:\/\/www.facebook.com\/CaririEmAcao\/?ref=aymt_homepage_panel\">Facebook<\/a>,\u00a0<a href=\"https:\/\/www.instagram.com\/cariri_em_acao\/?hl=pt-br\">Instagram<\/a>\u00a0e\u00a0<a href=\"https:\/\/www.youtube.com\/channel\/UCAptA0jQuYQy8vMhLt2m4qg\">Youtube<\/a>\u00a0e veja nossas mat\u00e9rias, v\u00eddeos e fotos. Voc\u00ea tamb\u00e9m pode enviar informa\u00e7\u00f5es \u00e0 Reda\u00e7\u00e3o do Portal Cariri em A\u00e7\u00e3o pelo WhatsApp (83) 9 9634.5791, (83) 9 9601-1162.<\/p>\n","protected":false},"excerpt":{"rendered":"<p>Todo mundo sabe que cigarro faz mal \u00e0 sa\u00fade de quem fuma. At\u00e9 a\u00ed, nenhuma novidade. Todo mundo tamb\u00e9m sabe que respirar fuma\u00e7a de cigarro&hellip; <\/p>\n","protected":false},"author":1,"featured_media":20712,"comment_status":"closed","ping_status":"closed","sticky":false,"template":"","format":"standard","meta":{"sfsi_plus_gutenberg_text_before_share":"","sfsi_plus_gutenberg_show_text_before_share":"","sfsi_plus_gutenberg_icon_type":"","sfsi_plus_gutenberg_icon_alignemt":"","sfsi_plus_gutenburg_max_per_row":"","footnotes":""},"categories":[16],"tags":[],"class_list":["post-61499","post","type-post","status-publish","format-standard","has-post-thumbnail","hentry","category-saude"],"_links":{"self":[{"href":"https:\/\/www.caririemacao.com\/1\/wp-json\/wp\/v2\/posts\/61499","targetHints":{"allow":["GET"]}}],"collection":[{"href":"https:\/\/www.caririemacao.com\/1\/wp-json\/wp\/v2\/posts"}],"about":[{"href":"https:\/\/www.caririemacao.com\/1\/wp-json\/wp\/v2\/types\/post"}],"author":[{"embeddable":true,"href":"https:\/\/www.caririemacao.com\/1\/wp-json\/wp\/v2\/users\/1"}],"replies":[{"embeddable":true,"href":"https:\/\/www.caririemacao.com\/1\/wp-json\/wp\/v2\/comments?post=61499"}],"version-history":[{"count":1,"href":"https:\/\/www.caririemacao.com\/1\/wp-json\/wp\/v2\/posts\/61499\/revisions"}],"predecessor-version":[{"id":61502,"href":"https:\/\/www.caririemacao.com\/1\/wp-json\/wp\/v2\/posts\/61499\/revisions\/61502"}],"wp:featuredmedia":[{"embeddable":true,"href":"https:\/\/www.caririemacao.com\/1\/wp-json\/wp\/v2\/media\/20712"}],"wp:attachment":[{"href":"https:\/\/www.caririemacao.com\/1\/wp-json\/wp\/v2\/media?parent=61499"}],"wp:term":[{"taxonomy":"category","embeddable":true,"href":"https:\/\/www.caririemacao.com\/1\/wp-json\/wp\/v2\/categories?post=61499"},{"taxonomy":"post_tag","embeddable":true,"href":"https:\/\/www.caririemacao.com\/1\/wp-json\/wp\/v2\/tags?post=61499"}],"curies":[{"name":"wp","href":"https:\/\/api.w.org\/{rel}","templated":true}]}}