{"id":61503,"date":"2018-08-15T08:40:04","date_gmt":"2018-08-15T11:40:04","guid":{"rendered":"http:\/\/caririemacao.com\/1\/?p=61503"},"modified":"2018-08-15T09:24:08","modified_gmt":"2018-08-15T12:24:08","slug":"ministerio-da-saude-disponibiliza-recursos-para-a-pb","status":"publish","type":"post","link":"https:\/\/www.caririemacao.com\/1\/2018\/08\/15\/ministerio-da-saude-disponibiliza-recursos-para-a-pb\/","title":{"rendered":"Minist\u00e9rio da Sa\u00fade disponibiliza recursos para a PB"},"content":{"rendered":"<p>O Minist\u00e9rio da Sa\u00fade divulgou na edi\u00e7\u00e3o do Di\u00e1rio Oficial da Uni\u00e3o desta ter\u00e7a-feira (14) o resultado da Fase de Avalia\u00e7\u00e3o do Programa de Qualifica\u00e7\u00e3o das A\u00e7\u00f5es de Vigil\u00e2ncia em Sa\u00fade. Os 223 munic\u00edpios da Para\u00edba, al\u00e9m do Estado, ir\u00e3o receber uma quantia.\u00a0<strong><a href=\"http:\/\/www.imprensanacional.gov.br\/materia\/-\/asset_publisher\/Kujrw0TZC2Mb\/content\/id\/36659674\/do1-2018-08-14-portaria-n-2-369-de-6-de-agosto-de-2018-36659226\" target=\"_blank\" rel=\"noopener\">Confira aqui<\/a><\/strong>\u00a0quanto cada Munic\u00edpio ir\u00e1 receber.<\/p>\n<p>Com isto, o texto autoriza o repasse dos valores de recursos federais aos Fundos dos Estados, Distrito Federal e Munic\u00edpios, no Bloco de Custeio das A\u00e7\u00f5es e Servi\u00e7os P\u00fablicos de Sa\u00fade, a serem alocados no Grupo de Vigil\u00e2ncia em Sa\u00fade. Ao todo, foram disponibilizados o montante de R$ 204.647.661,97 em todo Brasil.<\/p>\n<p>O Fundo Nacional de Sa\u00fade adotar\u00e1 as medidas necess\u00e1rias para as transfer\u00eancias de recursos estabelecidas nesta Portaria aos respectivos Fundos de Sa\u00fade, em conformidade com os processos de pagamentos instru\u00eddos.<\/p>\n<p style=\"text-align: right;\"><em><b>Portal Correio\/Foto: Inerente\u00a0<\/b><\/em><\/p>\n","protected":false},"excerpt":{"rendered":"<p>O Minist\u00e9rio da Sa\u00fade divulgou na edi\u00e7\u00e3o do Di\u00e1rio Oficial da Uni\u00e3o desta ter\u00e7a-feira (14) o resultado da Fase de Avalia\u00e7\u00e3o do Programa de Qualifica\u00e7\u00e3o&hellip; <\/p>\n","protected":false},"author":1,"featured_media":11745,"comment_status":"closed","ping_status":"closed","sticky":false,"template":"","format":"standard","meta":{"sfsi_plus_gutenberg_text_before_share":"","sfsi_plus_gutenberg_show_text_before_share":"","sfsi_plus_gutenberg_icon_type":"","sfsi_plus_gutenberg_icon_alignemt":"","sfsi_plus_gutenburg_max_per_row":"","footnotes":""},"categories":[16],"tags":[],"class_list":["post-61503","post","type-post","status-publish","format-standard","has-post-thumbnail","hentry","category-saude"],"_links":{"self":[{"href":"https:\/\/www.caririemacao.com\/1\/wp-json\/wp\/v2\/posts\/61503","targetHints":{"allow":["GET"]}}],"collection":[{"href":"https:\/\/www.caririemacao.com\/1\/wp-json\/wp\/v2\/posts"}],"about":[{"href":"https:\/\/www.caririemacao.com\/1\/wp-json\/wp\/v2\/types\/post"}],"author":[{"embeddable":true,"href":"https:\/\/www.caririemacao.com\/1\/wp-json\/wp\/v2\/users\/1"}],"replies":[{"embeddable":true,"href":"https:\/\/www.caririemacao.com\/1\/wp-json\/wp\/v2\/comments?post=61503"}],"version-history":[{"count":1,"href":"https:\/\/www.caririemacao.com\/1\/wp-json\/wp\/v2\/posts\/61503\/revisions"}],"predecessor-version":[{"id":61514,"href":"https:\/\/www.caririemacao.com\/1\/wp-json\/wp\/v2\/posts\/61503\/revisions\/61514"}],"wp:featuredmedia":[{"embeddable":true,"href":"https:\/\/www.caririemacao.com\/1\/wp-json\/wp\/v2\/media\/11745"}],"wp:attachment":[{"href":"https:\/\/www.caririemacao.com\/1\/wp-json\/wp\/v2\/media?parent=61503"}],"wp:term":[{"taxonomy":"category","embeddable":true,"href":"https:\/\/www.caririemacao.com\/1\/wp-json\/wp\/v2\/categories?post=61503"},{"taxonomy":"post_tag","embeddable":true,"href":"https:\/\/www.caririemacao.com\/1\/wp-json\/wp\/v2\/tags?post=61503"}],"curies":[{"name":"wp","href":"https:\/\/api.w.org\/{rel}","templated":true}]}}