{"id":61515,"date":"2018-08-15T08:44:59","date_gmt":"2018-08-15T11:44:59","guid":{"rendered":"http:\/\/caririemacao.com\/1\/?p=61515"},"modified":"2018-08-15T08:44:59","modified_gmt":"2018-08-15T11:44:59","slug":"lei-da-ficha-limpa-entenda-como-funciona","status":"publish","type":"post","link":"https:\/\/www.caririemacao.com\/1\/2018\/08\/15\/lei-da-ficha-limpa-entenda-como-funciona\/","title":{"rendered":"Lei da Ficha Limpa: entenda como funciona"},"content":{"rendered":"<div class=\"ctnHeadline\">\n<div class=\"contentShare\">\n<p>A Lei da Ficha Limpa, em vigor desde 2010, determina a inelegibilidade, por um per\u00edodo de oito anos, de pol\u00edticos cassados, condenados em processos criminais em segunda inst\u00e2ncia &#8211; como o ex-presidente Luiz In\u00e1cio Lula da Silva, condenado e preso na Opera\u00e7\u00e3o Lava Jato &#8211; ou que tenham renunciado para evitar a cassa\u00e7\u00e3o, como cogita fazer o deputado Paulo Maluf (PP-SP).<\/p>\n<\/div>\n<\/div>\n<div class=\"articleData \">\n<div id=\"image_21e728b5798aad43e617773910826149vahh6bqc\" class=\"expandedElement\">\n<picture>A Ficha Limpa alterou a Lei de Inelegibilidade, que vetava candidaturas de condenados pela Justi\u00e7a Eleitoral quando n\u00e3o havia mais recursos cab\u00edveis, trazendo exig\u00eancias mais rigorosas aos par\u00e2metros j\u00e1 aplicados. Uma das principais cr\u00edticas ao modelo anterior \u00e9 que poderia levar anos at\u00e9 que um caso fosse finalizado pelos tribunais. Assim, com o passar do tempo, era comum que os crimes prescrevessem e o pol\u00edtico acusado continuasse atuando.<\/picture>\n<\/div>\n<p class=\"text\">Com a Ficha Limpa, permitiu-se que um condenado em segunda inst\u00e2ncia possa ter a candidatura barrada, mesmo que ainda n\u00e3o tenha esgotado todos os recursos em tribunais superiores, caso do ex-presidente Lula.<\/p>\n<p class=\"text\">A lei veta a candidatura de indiv\u00edduos envolvidos em crimes eleitorais; abuso de autoridade; contra a administra\u00e7\u00e3o p\u00fablica, o patrim\u00f4nio privado, o sistema financeiro e o mercado de capitais; compra de votos; doa\u00e7\u00f5es ilegais; pr\u00e1tica e organiza\u00e7\u00e3o criminosa, bando ou quadrilha; tr\u00e1fico; crimes hediondos; tortura; terrorismo; lavagem de dinheiro e oculta\u00e7\u00e3o de bens, direitos e valores; entre outros.<\/p>\n<p class=\"text\">A medida atinge presidentes, governadores, prefeitos, servidores p\u00fablicos, magistrados e integrantes do Minist\u00e9rio P\u00fablico. Ela surgiu de uma iniciativa popular que reuniu 1.604.815 assinaturas em apoio ao projeto.<\/p>\n<p><strong>O caso do ex-presidente<\/strong><\/p>\n<p class=\"text\">Para o advogado M\u00e1rlon Reis, ex-juiz eleitoral e mentor da Lei da Ficha Limpa, o ex-presidente Lula &#8216;\u00e9 ineleg\u00edvel&#8217; nas elei\u00e7\u00f5es 2018. O petista teve seu embargo de declara\u00e7\u00e3o contra o ac\u00f3rd\u00e3o que o condenou a 12 anos e um m\u00eas de pris\u00e3o no caso triplex negado pelos desembargadores do Tribunal Regional Federal da 4.\u00aa Regi\u00e3o (TRF-4).<\/p>\n<div id=\"advCard3\" class=\"advertising impactAdv visible\">\n<div id=\"s3--wrapper\">\n<div id=\"s3\" class=\"visible\" data-google-query-id=\"CJq17vL87twCFVKzTwodrAkCAA\">\n<div id=\"google_ads_iframe_\/1211\/br.terra.news\/brasil.articles_7__container__\">&#8220;A inelegibilidade j\u00e1 havia acontecido quando houve a condena\u00e7\u00e3o, mesmo antes dos embargos de declara\u00e7\u00e3o. O que houve foi uma manuten\u00e7\u00e3o do estado de inelegibilidade do ex-presidente Lula. A Lei da Ficha Limpa estabelece que ap\u00f3s a condena\u00e7\u00e3o pelo \u00f3rg\u00e3o colegiado ocorre inelegibilidade mesmo que ainda caibam recursos&#8221;, ressaltou o advogado. &#8220;Essa \u00e9 a situa\u00e7\u00e3o dele hoje, de ineleg\u00edvel.&#8221;<\/div>\n<div style=\"text-align: right;\"><em><b>Portal Terra\/Foto: Internet\u00a0<\/b><\/em><\/div>\n<\/div>\n<\/div>\n<\/div>\n<\/div>\n","protected":false},"excerpt":{"rendered":"<p>A Lei da Ficha Limpa, em vigor desde 2010, determina a inelegibilidade, por um per\u00edodo de oito anos, de pol\u00edticos cassados, condenados em processos criminais&hellip; <\/p>\n","protected":false},"author":1,"featured_media":40760,"comment_status":"closed","ping_status":"closed","sticky":false,"template":"","format":"standard","meta":{"sfsi_plus_gutenberg_text_before_share":"","sfsi_plus_gutenberg_show_text_before_share":"","sfsi_plus_gutenberg_icon_type":"","sfsi_plus_gutenberg_icon_alignemt":"","sfsi_plus_gutenburg_max_per_row":"","footnotes":""},"categories":[2],"tags":[],"class_list":["post-61515","post","type-post","status-publish","format-standard","has-post-thumbnail","hentry","category-geral"],"_links":{"self":[{"href":"https:\/\/www.caririemacao.com\/1\/wp-json\/wp\/v2\/posts\/61515","targetHints":{"allow":["GET"]}}],"collection":[{"href":"https:\/\/www.caririemacao.com\/1\/wp-json\/wp\/v2\/posts"}],"about":[{"href":"https:\/\/www.caririemacao.com\/1\/wp-json\/wp\/v2\/types\/post"}],"author":[{"embeddable":true,"href":"https:\/\/www.caririemacao.com\/1\/wp-json\/wp\/v2\/users\/1"}],"replies":[{"embeddable":true,"href":"https:\/\/www.caririemacao.com\/1\/wp-json\/wp\/v2\/comments?post=61515"}],"version-history":[{"count":1,"href":"https:\/\/www.caririemacao.com\/1\/wp-json\/wp\/v2\/posts\/61515\/revisions"}],"predecessor-version":[{"id":61516,"href":"https:\/\/www.caririemacao.com\/1\/wp-json\/wp\/v2\/posts\/61515\/revisions\/61516"}],"wp:featuredmedia":[{"embeddable":true,"href":"https:\/\/www.caririemacao.com\/1\/wp-json\/wp\/v2\/media\/40760"}],"wp:attachment":[{"href":"https:\/\/www.caririemacao.com\/1\/wp-json\/wp\/v2\/media?parent=61515"}],"wp:term":[{"taxonomy":"category","embeddable":true,"href":"https:\/\/www.caririemacao.com\/1\/wp-json\/wp\/v2\/categories?post=61515"},{"taxonomy":"post_tag","embeddable":true,"href":"https:\/\/www.caririemacao.com\/1\/wp-json\/wp\/v2\/tags?post=61515"}],"curies":[{"name":"wp","href":"https:\/\/api.w.org\/{rel}","templated":true}]}}