{"id":61517,"date":"2018-08-15T08:51:03","date_gmt":"2018-08-15T11:51:03","guid":{"rendered":"http:\/\/caririemacao.com\/1\/?p=61517"},"modified":"2018-08-15T08:51:03","modified_gmt":"2018-08-15T11:51:03","slug":"fla-pega-gremio-com-muito-mais-em-jogo-do-que-vaga-na-semi-da-copa-br","status":"publish","type":"post","link":"https:\/\/www.caririemacao.com\/1\/2018\/08\/15\/fla-pega-gremio-com-muito-mais-em-jogo-do-que-vaga-na-semi-da-copa-br\/","title":{"rendered":"Fla pega Gr\u00eamio com muito mais em jogo do que vaga na semi da Copa BR"},"content":{"rendered":"<p>O Maracan\u00e3 promete pulsar na noite desta quarta-feira (14). \u00c0s 21h45 (de Bras\u00edlia), o Flamengo recebe o Gr\u00eamio em busca de uma vaga na semifinal da Copa do Brasil. O jogo \u00e9 decisivo, mas vale bem mais para o Rubro-negro do que somente um lugar na pr\u00f3xima fase da competi\u00e7\u00e3o. Por uma s\u00e9rie de circunst\u00e2ncias, o torneio mata-mata ganhou import\u00e2ncia nos bastidores da G\u00e1vea.<\/p>\n<p>Com o fim do crit\u00e9rio do gol qualificado, o Flamengo precisa vencer para avan\u00e7ar. O primeiro jogo, realizado em Porto Alegre, terminou empatado por 1 a 1. Qualquer nova igualdade no placar levar\u00e1 a decis\u00e3o da vaga para os p\u00eanaltis. O Rubro-negro aposta na uni\u00e3o com mais de 50 mil torcedores no est\u00e1dio para superar os obst\u00e1culos e manter vivo o sonho do t\u00edtulo.<\/p>\n<p>N\u00e3o faltam motivos para avan\u00e7ar na Copa do Brasil&#8230;<\/p>\n<p><strong>Sonho do tetra ap\u00f3s vice-campeonato amargo em\u00a0<\/strong><strong>2017<\/strong><\/p>\n<p>O Flamengo sonha com um t\u00edtulo de express\u00e3o desde o ano passado. Tricampe\u00e3o da Copa do Brasil (1990, 2006 e 2013), o Rubro-negro bateu na trave em 2017. Foi vice-campe\u00e3o do torneio nacional e tamb\u00e9m da Copa Sul-Americana. A busca pelo tetra segue viva e tem um peso importante por conta da forma como a ta\u00e7a foi perdida na \u00faltima temporada.<\/p>\n<p>Por falhas no planejamento, o Flamengo sofreu com goleiros em m\u00e1 fase quando mais precisava de seguran\u00e7a no setor defensivo. Thiago falhou j\u00e1 nos \u00faltimos minutos do primeiro jogo da final contra o Cruzeiro. Gol de Arrascaeta. Na decis\u00e3o, no Mineir\u00e3o, Alex Muralha escolheu o canto direito em todos os p\u00eanaltis e foi presa f\u00e1cil para os cobradores cruzeirenses. O t\u00edtulo foi perdido e deixou todos na G\u00e1vea com a sensa\u00e7\u00e3o de que a hist\u00f3ria poderia ser diferente se o time contasse com um goleiro de confian\u00e7a na \u00e9poca. At\u00e9 por isso, o gosto amargo segue no clube. E s\u00f3 uma conquista ser\u00e1 capaz de ameniz\u00e1-lo.<\/p>\n<p><strong>Libertadores ficou dif\u00edcil, o que aumentou a for\u00e7a da Copa do\u00a0<\/strong><strong>Brasil<\/strong><\/p>\n<p>Se foi o algoz no ano passado, o Cruzeiro voltou a causar problemas para o Flamengo recentemente. Na \u00faltima quarta-feira (8), o time de Mano Menezes venceu por 2 a 0 na primeira partida das oitavas de final da Copa Libertadores. Foi um golpe duro para o Rubro-negro em pleno Maracan\u00e3. A competi\u00e7\u00e3o sul-americana \u00e9 uma longa obsess\u00e3o do clube e que esbarra em seguidas elimina\u00e7\u00f5es recentes. A possibilidade ainda est\u00e1 aberta, mas sabe-se internamente que a vaga ficou bastante complicada.<\/p>\n<p>\u00c9 a\u00ed que a Copa do Brasil ganha ainda mais for\u00e7a, j\u00e1 que a classifica\u00e7\u00e3o deixar\u00e1 o Flamengo a quatro partidas da possibilidade de um t\u00edtulo importante e com um caminho bem mais aberto do que o apresentado no momento pela Libertadores.<\/p>\n<p><strong>Premia\u00e7\u00e3o de R$ 61,9 milh\u00f5es em caso de t\u00edtulo; Vice dar\u00e1 R$ 31,9\u00a0<\/strong><strong>milh\u00f5es<\/strong><\/p>\n<p>Al\u00e9m do prest\u00edgio e da possibilidade de aumentar a galeria de t\u00edtulos nacionais, o Flamengo busca alguns milh\u00f5es na Copa do Brasil. A CBF (Confedera\u00e7\u00e3o Brasileira de Futebol) aumentou de forma consider\u00e1vel a premia\u00e7\u00e3o em 2018. Se avan\u00e7ar e terminar com a ta\u00e7a nas m\u00e3os, o Rubro-negro embolsar\u00e1 R$ 61,9 milh\u00f5es em pr\u00eamios, al\u00e9m das demais receitas com bilheteria.<\/p>\n<p>Avan\u00e7ar e terminar a trajet\u00f3ria com o vice-campeonato garantir\u00e1 R$ 31,9 milh\u00f5es nos cofres. Ser eliminado pelo Gr\u00eamio causaria um impacto consider\u00e1vel, j\u00e1 que o Flamengo perderia a possibilidade de lutar por mais R$ 56,5 milh\u00f5es na competi\u00e7\u00e3o nacional. A responsabilidade aumentou bastante tamb\u00e9m por conta do delicado panorama na Libertadores.<\/p>\n<p><strong>Elimina\u00e7\u00e3o seria golpe duro nos planos e deixaria Flamengo em\u00a0<\/strong><strong>xeque<\/strong><\/p>\n<p>Dono de um dos maiores investimentos do pa\u00eds e com uma folha superior a R$ 10 milh\u00f5es por m\u00eas no futebol, o Flamengo sabe que precisa conquistar t\u00edtulos expressivos. O objetivo n\u00e3o foi cumprido em 2017 e cobrou o seu pre\u00e7o. Diretoria e time est\u00e3o ainda mais pressionados no momento em raz\u00e3o da situa\u00e7\u00e3o na Libertadores. Cair para o Gr\u00eamio e terminar fora da competi\u00e7\u00e3o sul-americana deixaria o clube apenas com o Campeonato Brasileiro pela frente. S\u00f3 que com uma obriga\u00e7\u00e3o ainda maior de conquist\u00e1-lo na \u00f3tica da torcida.<\/p>\n<p>Se a press\u00e3o \u00e9 enorme por bons resultados, nos bastidores o panorama \u00e9 o mesmo, principalmente por se tratar de um ano eleitoral e no qual o presidente Eduardo Bandeira de Mello busca fazer o seu sucessor, o vice de futebol Ricardo Lomba. Apenas os resultados n\u00e3o decidem o pleito, mas costumam ter poder para atrapalh\u00e1-lo e mudar determinados rumos.<\/p>\n<p>&#8220;A press\u00e3o existe sempre. Eu, pelo menos, n\u00e3o tive nenhum jogo no qual entrei pensando que n\u00e3o poderia ganhar. \u00c9 evidente que existe press\u00e3o externa e uma atmosfera que muda. Sabemos que \u00e9 um jogo que n\u00e3o tem volta. \u00c9 \u00f4nus e b\u00f4nus de chegar em uma decis\u00e3o. Muitas equipes queriam estar na nossa situa\u00e7\u00e3o. Vamos encarar com a maior seriedade e equil\u00edbrio&#8221;, comentou o t\u00e9cnico\u00a0Barbieri.<\/p>\n","protected":false},"excerpt":{"rendered":"<p>O Maracan\u00e3 promete pulsar na noite desta quarta-feira (14). \u00c0s 21h45 (de Bras\u00edlia), o Flamengo recebe o Gr\u00eamio em busca de uma vaga na semifinal&hellip; <\/p>\n","protected":false},"author":1,"featured_media":61518,"comment_status":"closed","ping_status":"closed","sticky":false,"template":"","format":"standard","meta":{"sfsi_plus_gutenberg_text_before_share":"","sfsi_plus_gutenberg_show_text_before_share":"","sfsi_plus_gutenberg_icon_type":"","sfsi_plus_gutenberg_icon_alignemt":"","sfsi_plus_gutenburg_max_per_row":"","footnotes":""},"categories":[13],"tags":[],"class_list":["post-61517","post","type-post","status-publish","format-standard","has-post-thumbnail","hentry","category-esportes"],"_links":{"self":[{"href":"https:\/\/www.caririemacao.com\/1\/wp-json\/wp\/v2\/posts\/61517","targetHints":{"allow":["GET"]}}],"collection":[{"href":"https:\/\/www.caririemacao.com\/1\/wp-json\/wp\/v2\/posts"}],"about":[{"href":"https:\/\/www.caririemacao.com\/1\/wp-json\/wp\/v2\/types\/post"}],"author":[{"embeddable":true,"href":"https:\/\/www.caririemacao.com\/1\/wp-json\/wp\/v2\/users\/1"}],"replies":[{"embeddable":true,"href":"https:\/\/www.caririemacao.com\/1\/wp-json\/wp\/v2\/comments?post=61517"}],"version-history":[{"count":1,"href":"https:\/\/www.caririemacao.com\/1\/wp-json\/wp\/v2\/posts\/61517\/revisions"}],"predecessor-version":[{"id":61519,"href":"https:\/\/www.caririemacao.com\/1\/wp-json\/wp\/v2\/posts\/61517\/revisions\/61519"}],"wp:featuredmedia":[{"embeddable":true,"href":"https:\/\/www.caririemacao.com\/1\/wp-json\/wp\/v2\/media\/61518"}],"wp:attachment":[{"href":"https:\/\/www.caririemacao.com\/1\/wp-json\/wp\/v2\/media?parent=61517"}],"wp:term":[{"taxonomy":"category","embeddable":true,"href":"https:\/\/www.caririemacao.com\/1\/wp-json\/wp\/v2\/categories?post=61517"},{"taxonomy":"post_tag","embeddable":true,"href":"https:\/\/www.caririemacao.com\/1\/wp-json\/wp\/v2\/tags?post=61517"}],"curies":[{"name":"wp","href":"https:\/\/api.w.org\/{rel}","templated":true}]}}