{"id":61526,"date":"2018-08-15T09:08:58","date_gmt":"2018-08-15T12:08:58","guid":{"rendered":"http:\/\/caririemacao.com\/1\/?p=61526"},"modified":"2018-08-15T09:08:58","modified_gmt":"2018-08-15T12:08:58","slug":"clubes-rejeitam-limite-a-elenco-e-culpam-cbf-por-time-misto-no-brasileiro","status":"publish","type":"post","link":"https:\/\/www.caririemacao.com\/1\/2018\/08\/15\/clubes-rejeitam-limite-a-elenco-e-culpam-cbf-por-time-misto-no-brasileiro\/","title":{"rendered":"Clubes rejeitam limite a elenco e culpam CBF por time misto no Brasileiro"},"content":{"rendered":"<p>O plano da CBF para induzir os clubes a usarem titulares no Brasileiro n\u00e3o foi bem recebido por boa parte dos times que t\u00eam poupado suas equipes no campeonato. A diretoria da confedera\u00e7\u00e3o pensa em criar limite de jogadores inscritos na competi\u00e7\u00e3o para evitar reservas. Dirigentes de clubes, no entanto, rejeitam a ideia e culpam o calend\u00e1rio feito pela CBF pela escala\u00e7\u00e3o de times mistos no Nacional.<\/p>\n<p>Com a extens\u00e3o de Libertadores e Sul-Americana no ano inteiro, os clubes que disputam tr\u00eas competi\u00e7\u00f5es t\u00eam poupado jogadores no Brasileiro desde 2017. Isso se deve a um calend\u00e1rio apertado com excesso de jogos importantes j\u00e1 que n\u00e3o h\u00e1 redu\u00e7\u00e3o dos Estaduais. A diretoria da CBF tem se incomodado com a principal competi\u00e7\u00e3o ser deixada de lado.<\/p>\n<p>A restri\u00e7\u00e3o de uso de jogadores inscritos \u00e9 utilizada em campeonatos pelo mundo, entre eles a Libertadores e a Liga dos Campe\u00f5es al\u00e9m de algumas ligas nacionais europeias. No Brasil, precisaria passar pelo Conselho T\u00e9cnico da S\u00e9rie A composto pelos clubes para ser aprovada.<\/p>\n<p>Entre os clubes que mais t\u00eam sofrido com o calend\u00e1rio, a medida \u00e9 rejeitada. &#8221;Sou contra. N\u00e3o sou eu quem faz o calend\u00e1rio que obriga a poupar. Se levar para vota\u00e7\u00e3o, vou me posicionar contra&#8221;, afirmou o presidente do Gr\u00eamio, Romildo Bolzan Jr.<\/p>\n<p>Seu time tem poupado sistematicamente no Brasileiro para privilegiar a Copa do Brasil e a Libertadores. A estrat\u00e9gia \u00e9 sempre priorizar a competi\u00e7\u00e3o em que o time pode ser eliminado no pr\u00f3ximo jogo.<\/p>\n<p>&#8221;Estendeu-se a Libertadores pelo ano inteiro e fica essa superposi\u00e7\u00e3o. \u00c0s vezes, o time pode estar disputando simult\u00e2neo pre-Libertadores ou Copa do Brasil e Estaduais. Depois, \u00e9 Libertadores, Copa do Brasil e Brasileiro&#8221;, analisou o presidente gremista. &#8221;Isso implica em ter elencos maiores. Tem que ter elenco para atender \u00e0 qualidade que a torcida espera. \u00c9 a racionalidade.&#8221;<\/p>\n<p>Mesmo tom de discurso foi adotado pelo presidente do Corinthians, Andr\u00e9s Sanchez, cujo time tamb\u00e9m disputa as tr\u00eas competi\u00e7\u00f5es. &#8221;Sou contra isso totalmente. Eles (CBF) que melhorem o calend\u00e1rio&#8221;, disse ele, que entende que a CBF joga para cima dos clubes um problema criado pela pr\u00f3pria entidade. &#8221;L\u00f3gico, isso eles t\u00eam que ver na Conmebol, a Libertadores o ano todo, mais Copa do Brasil, mais Brasileiro. Quem se destaca \u00e9 prejudicado&#8221;.<\/p>\n<p>Outro que aponta o problema do calend\u00e1rio \u00e9 o presidente do Flamengo, Eduardo Bandeira de Mello, que \u00e9 mais uma equipe que joga as tr\u00eas competi\u00e7\u00f5es ao mesmo tempo. &#8221;Sou contra (a restri\u00e7\u00e3o a elenco). Se o calend\u00e1rio fosse mais racional, nenhum clube teria necessidade de escalar times alternativos no Brasileir\u00e3o&#8221;, definiu.<\/p>\n<p>O calend\u00e1rio da CBF para o pr\u00f3ximo ano n\u00e3o vai mudar muito o cen\u00e1rio em rela\u00e7\u00e3o a 2018. Em linhas gerais, ser\u00e3o mantidos os Estaduais com 18 datas, Brasileiro espremido antes e depois da Copa Am\u00e9rica, e uma pr\u00e9-temporada reduzida. A vantagem \u00e9 que a Copa Am\u00e9rica \u00e9 menor do que a Copa do Mundo da R\u00fassia, com tr\u00eas semanas contra cinco.<\/p>\n<p style=\"text-align: right;\"><em><strong>Marcel Rizzo\/Foto:Internet\u00a0<\/strong><\/em><\/p>\n","protected":false},"excerpt":{"rendered":"<p>O plano da CBF para induzir os clubes a usarem titulares no Brasileiro n\u00e3o foi bem recebido por boa parte dos times que t\u00eam poupado&hellip; <\/p>\n","protected":false},"author":1,"featured_media":15160,"comment_status":"closed","ping_status":"closed","sticky":false,"template":"","format":"standard","meta":{"sfsi_plus_gutenberg_text_before_share":"","sfsi_plus_gutenberg_show_text_before_share":"","sfsi_plus_gutenberg_icon_type":"","sfsi_plus_gutenberg_icon_alignemt":"","sfsi_plus_gutenburg_max_per_row":"","footnotes":""},"categories":[13],"tags":[],"class_list":["post-61526","post","type-post","status-publish","format-standard","has-post-thumbnail","hentry","category-esportes"],"_links":{"self":[{"href":"https:\/\/www.caririemacao.com\/1\/wp-json\/wp\/v2\/posts\/61526","targetHints":{"allow":["GET"]}}],"collection":[{"href":"https:\/\/www.caririemacao.com\/1\/wp-json\/wp\/v2\/posts"}],"about":[{"href":"https:\/\/www.caririemacao.com\/1\/wp-json\/wp\/v2\/types\/post"}],"author":[{"embeddable":true,"href":"https:\/\/www.caririemacao.com\/1\/wp-json\/wp\/v2\/users\/1"}],"replies":[{"embeddable":true,"href":"https:\/\/www.caririemacao.com\/1\/wp-json\/wp\/v2\/comments?post=61526"}],"version-history":[{"count":1,"href":"https:\/\/www.caririemacao.com\/1\/wp-json\/wp\/v2\/posts\/61526\/revisions"}],"predecessor-version":[{"id":61528,"href":"https:\/\/www.caririemacao.com\/1\/wp-json\/wp\/v2\/posts\/61526\/revisions\/61528"}],"wp:featuredmedia":[{"embeddable":true,"href":"https:\/\/www.caririemacao.com\/1\/wp-json\/wp\/v2\/media\/15160"}],"wp:attachment":[{"href":"https:\/\/www.caririemacao.com\/1\/wp-json\/wp\/v2\/media?parent=61526"}],"wp:term":[{"taxonomy":"category","embeddable":true,"href":"https:\/\/www.caririemacao.com\/1\/wp-json\/wp\/v2\/categories?post=61526"},{"taxonomy":"post_tag","embeddable":true,"href":"https:\/\/www.caririemacao.com\/1\/wp-json\/wp\/v2\/tags?post=61526"}],"curies":[{"name":"wp","href":"https:\/\/api.w.org\/{rel}","templated":true}]}}