{"id":61527,"date":"2018-08-15T09:10:56","date_gmt":"2018-08-15T12:10:56","guid":{"rendered":"http:\/\/caririemacao.com\/1\/?p=61527"},"modified":"2018-08-15T09:18:16","modified_gmt":"2018-08-15T12:18:16","slug":"presidente-da-alpb-diz-nao-se-arrepender-de-ter-feito-oposicao-a-ricardo-coutinho","status":"publish","type":"post","link":"https:\/\/www.caririemacao.com\/1\/2018\/08\/15\/presidente-da-alpb-diz-nao-se-arrepender-de-ter-feito-oposicao-a-ricardo-coutinho\/","title":{"rendered":"Presidente da ALPB diz n\u00e3o se arrepender de ter feito oposi\u00e7\u00e3o a Ricardo Coutinho"},"content":{"rendered":"<p>O Presidente da Assembleia Legislativa, deputado Gerv\u00e1sio Maia (PSB), e o deputado da oposi\u00e7\u00e3o Janduhy Carneiro (Patriota) trocaram farpas durante a sess\u00e3o desta ter\u00e7a-feira (14).<\/p>\n<p>Carneiro usou a tribuna para criticar a gest\u00e3o de Ricardo Coutinho se referindo aos gastos da Granja Santana, que, segundo ele, ultrapassaram os limites do razo\u00e1vel enquanto faltam recursos para o setor de Sa\u00fade do Estado.<\/p>\n<p>Carneiro acusou ainda o presidente Gerv\u00e1sio de n\u00e3o aceitar as cr\u00edticas porque agora \u00e9 aliado do governo e se esqueceu de quando fazia oposi\u00e7\u00e3o ao governador e cobrava a\u00e7\u00f5es que n\u00e3o foram realizadas na regi\u00e3o de Catol\u00e9 do Rocha, porque o governo havia feito gastos desnecess\u00e1rios na compra de um avi\u00e3o King Air.<\/p>\n<p>\u201cEle criticava esses gastos assim como as compras de lagostas e de outros alimentos da Granja, cujas despesas impediram de socorrer a maternidade de Catol\u00e9 de Rocha\u201d, disse.<\/p>\n<div id=\"attachment_485009\" class=\"wp-caption aligncenter\">\n<p class=\"wp-caption-text\">Em resposta, o presidente da Casa disse que n\u00e3o se arrepende de nada do que disse porque estava no papel de oposi\u00e7\u00e3o, de cobrar, de fiscalizar, de questionar e tinha que fazer isso porque n\u00e3o era aliado de Ricardo Coutinho.<\/p>\n<\/div>\n<p>\u201cEu fui eleito para ser oposi\u00e7\u00e3o. Estive na mesma linha at\u00e9 quando houve a alian\u00e7a entre o MDB e o PSB. Fiz quase quatro anos de oposi\u00e7\u00e3o, mas n\u00e3o me arrependo. Ruim seria se eu tivesse mudado de lado como o deputado Janduhy mudou ao longo do mandato\u201d, explicou.<\/p>\n<p>Gerv\u00e1sio disse ainda entender a m\u00e1goa de Janduhy por ter perdido o apoio de aliados pol\u00edticos da regi\u00e3o de Catol\u00e9 do Rocha e de Jeric\u00f3, mas ele n\u00e3o podia fazer nada.<\/p>\n<p>\u201cInfelizmente a nossa corrente \u00e9 outra, n\u00f3s n\u00e3o estamos lado a lado e eu n\u00e3o tenho condi\u00e7\u00f5es de ajud\u00e1-lo. Eu penso que essa discuss\u00e3o \u00e9 pequena para uma Casa que representa o povo paraibano. Temos muitas coisas boas para discutir que s\u00e3o de interesses do povo paraibano\u201d, finalizou.<\/p>\n<p><strong>Para\u00edba Online\/Foto: Reprodu\u00e7\u00e3o\u00a0<\/strong><\/p>\n<p>Cariri Em A\u00e7\u00e3o<\/p>\n<p>Leia mais not\u00edcias em\u00a0<a href=\"http:\/\/www.caririemacao.com\/\">caririemacao.com<\/a>, siga nossa p\u00e1gina no\u00a0<a href=\"https:\/\/www.facebook.com\/CaririEmAcao\/?ref=aymt_homepage_panel\">Facebook<\/a>,\u00a0<a href=\"https:\/\/www.instagram.com\/cariri_em_acao\/?hl=pt-br\">Instagram<\/a>\u00a0e\u00a0<a href=\"https:\/\/www.youtube.com\/channel\/UCAptA0jQuYQy8vMhLt2m4qg\">Youtube<\/a>\u00a0e veja nossas mat\u00e9rias, v\u00eddeos e fotos. Voc\u00ea tamb\u00e9m pode enviar informa\u00e7\u00f5es \u00e0 Reda\u00e7\u00e3o do Portal Cariri em A\u00e7\u00e3o pelo WhatsApp (83) 9 9634.5791, (83) 9 9601-1162.<\/p>\n","protected":false},"excerpt":{"rendered":"<p>O Presidente da Assembleia Legislativa, deputado Gerv\u00e1sio Maia (PSB), e o deputado da oposi\u00e7\u00e3o Janduhy Carneiro (Patriota) trocaram farpas durante a sess\u00e3o desta ter\u00e7a-feira (14).&hellip; <\/p>\n","protected":false},"author":1,"featured_media":61529,"comment_status":"closed","ping_status":"closed","sticky":false,"template":"","format":"standard","meta":{"sfsi_plus_gutenberg_text_before_share":"","sfsi_plus_gutenberg_show_text_before_share":"","sfsi_plus_gutenberg_icon_type":"","sfsi_plus_gutenberg_icon_alignemt":"","sfsi_plus_gutenburg_max_per_row":"","footnotes":""},"categories":[11],"tags":[],"class_list":["post-61527","post","type-post","status-publish","format-standard","has-post-thumbnail","hentry","category-politica"],"_links":{"self":[{"href":"https:\/\/www.caririemacao.com\/1\/wp-json\/wp\/v2\/posts\/61527","targetHints":{"allow":["GET"]}}],"collection":[{"href":"https:\/\/www.caririemacao.com\/1\/wp-json\/wp\/v2\/posts"}],"about":[{"href":"https:\/\/www.caririemacao.com\/1\/wp-json\/wp\/v2\/types\/post"}],"author":[{"embeddable":true,"href":"https:\/\/www.caririemacao.com\/1\/wp-json\/wp\/v2\/users\/1"}],"replies":[{"embeddable":true,"href":"https:\/\/www.caririemacao.com\/1\/wp-json\/wp\/v2\/comments?post=61527"}],"version-history":[{"count":2,"href":"https:\/\/www.caririemacao.com\/1\/wp-json\/wp\/v2\/posts\/61527\/revisions"}],"predecessor-version":[{"id":61535,"href":"https:\/\/www.caririemacao.com\/1\/wp-json\/wp\/v2\/posts\/61527\/revisions\/61535"}],"wp:featuredmedia":[{"embeddable":true,"href":"https:\/\/www.caririemacao.com\/1\/wp-json\/wp\/v2\/media\/61529"}],"wp:attachment":[{"href":"https:\/\/www.caririemacao.com\/1\/wp-json\/wp\/v2\/media?parent=61527"}],"wp:term":[{"taxonomy":"category","embeddable":true,"href":"https:\/\/www.caririemacao.com\/1\/wp-json\/wp\/v2\/categories?post=61527"},{"taxonomy":"post_tag","embeddable":true,"href":"https:\/\/www.caririemacao.com\/1\/wp-json\/wp\/v2\/tags?post=61527"}],"curies":[{"name":"wp","href":"https:\/\/api.w.org\/{rel}","templated":true}]}}