{"id":61531,"date":"2018-08-15T09:15:32","date_gmt":"2018-08-15T12:15:32","guid":{"rendered":"http:\/\/caririemacao.com\/1\/?p=61531"},"modified":"2018-08-15T09:17:18","modified_gmt":"2018-08-15T12:17:18","slug":"pt-registra-nesta-quarta-feira-a-candidatura-de-lula-no-tse","status":"publish","type":"post","link":"https:\/\/www.caririemacao.com\/1\/2018\/08\/15\/pt-registra-nesta-quarta-feira-a-candidatura-de-lula-no-tse\/","title":{"rendered":"PT registra nesta quarta-feira a candidatura de Lula no TSE"},"content":{"rendered":"<div class=\"row news-info-container no-margin\">\n<div class=\"col-lg-6 col-md-6 col-sm-6 col-xs-12 no-padding\">\n<p class=\"news-info-tag\"><span class=\"news_capital_letter\">O<\/span>Partido dos Trabalhadores vai registrar a candidatura de Lula no Tribunal Superior Eleitoral nesta quarta-feira (15), data limite para o registro. O PT convocou a milit\u00e2ncia e pretende transformar o registro, que ocorrer\u00e1 em Bras\u00edlia, em um grande ato em apoio ao ex-presidente, que est\u00e1 preso em Curitiba.<\/p>\n<\/div>\n<\/div>\n<div class=\"row news-main-text-container\">\n<div class=\"col-lg-12 col-md-12 col-sm-12 col-xs-12\">\n<div class=\"news-main-text\">\n<div class=\"pub-container inside-news\">\n<div class=\"pub-space\">Condenado em segunda inst\u00e2ncia por corrup\u00e7\u00e3o e lavagem de dinheiro e enquadrado na Lei da Ficha Limpa, Lula pode ter sua candidatura impugnada. A ministra do STF Rosa Weber, que assumiu o comando do TSE, falou sobre o caso.<\/div>\n<\/div>\n<p>\u201cSe n\u00e3o houver impugna\u00e7\u00e3o, pode haver o exame de of\u00edcio. N\u00e3o ser\u00e1 uma impugna\u00e7\u00e3o, ser\u00e1 um indeferimento de of\u00edcio \u00e0 compreens\u00e3o de que n\u00e3o est\u00e3o presentes as condi\u00e7\u00f5es de eligibilidade\u201d disse a magistrada, segundo o site Poder 360.<\/p>\n<p style=\"text-align: right;\"><em><strong>Not\u00edcias ao minuto\u00a0<\/strong><\/em><\/p>\n<\/div>\n<\/div>\n<\/div>\n","protected":false},"excerpt":{"rendered":"<p>OPartido dos Trabalhadores vai registrar a candidatura de Lula no Tribunal Superior Eleitoral nesta quarta-feira (15), data limite para o registro. O PT convocou a&hellip; <\/p>\n","protected":false},"author":1,"featured_media":60182,"comment_status":"closed","ping_status":"closed","sticky":false,"template":"","format":"standard","meta":{"sfsi_plus_gutenberg_text_before_share":"","sfsi_plus_gutenberg_show_text_before_share":"","sfsi_plus_gutenberg_icon_type":"","sfsi_plus_gutenberg_icon_alignemt":"","sfsi_plus_gutenburg_max_per_row":"","footnotes":""},"categories":[1],"tags":[],"class_list":["post-61531","post","type-post","status-publish","format-standard","has-post-thumbnail","hentry","category-o-site"],"_links":{"self":[{"href":"https:\/\/www.caririemacao.com\/1\/wp-json\/wp\/v2\/posts\/61531","targetHints":{"allow":["GET"]}}],"collection":[{"href":"https:\/\/www.caririemacao.com\/1\/wp-json\/wp\/v2\/posts"}],"about":[{"href":"https:\/\/www.caririemacao.com\/1\/wp-json\/wp\/v2\/types\/post"}],"author":[{"embeddable":true,"href":"https:\/\/www.caririemacao.com\/1\/wp-json\/wp\/v2\/users\/1"}],"replies":[{"embeddable":true,"href":"https:\/\/www.caririemacao.com\/1\/wp-json\/wp\/v2\/comments?post=61531"}],"version-history":[{"count":1,"href":"https:\/\/www.caririemacao.com\/1\/wp-json\/wp\/v2\/posts\/61531\/revisions"}],"predecessor-version":[{"id":61533,"href":"https:\/\/www.caririemacao.com\/1\/wp-json\/wp\/v2\/posts\/61531\/revisions\/61533"}],"wp:featuredmedia":[{"embeddable":true,"href":"https:\/\/www.caririemacao.com\/1\/wp-json\/wp\/v2\/media\/60182"}],"wp:attachment":[{"href":"https:\/\/www.caririemacao.com\/1\/wp-json\/wp\/v2\/media?parent=61531"}],"wp:term":[{"taxonomy":"category","embeddable":true,"href":"https:\/\/www.caririemacao.com\/1\/wp-json\/wp\/v2\/categories?post=61531"},{"taxonomy":"post_tag","embeddable":true,"href":"https:\/\/www.caririemacao.com\/1\/wp-json\/wp\/v2\/tags?post=61531"}],"curies":[{"name":"wp","href":"https:\/\/api.w.org\/{rel}","templated":true}]}}