{"id":61532,"date":"2018-08-15T09:23:23","date_gmt":"2018-08-15T12:23:23","guid":{"rendered":"http:\/\/caririemacao.com\/1\/?p=61532"},"modified":"2018-08-15T09:23:23","modified_gmt":"2018-08-15T12:23:23","slug":"camara-de-sume-realizou-reuniao-nesta-terca-feira-14","status":"publish","type":"post","link":"https:\/\/www.caririemacao.com\/1\/2018\/08\/15\/camara-de-sume-realizou-reuniao-nesta-terca-feira-14\/","title":{"rendered":"C\u00e2mara de Sum\u00e9 realizou reuni\u00e3o nesta ter\u00e7a-feira (14)"},"content":{"rendered":"<p>Os vereadores sumeenses se reuniram na noite desta ter\u00e7a-feira, dia 14 de agosto para debater as proposituras demandas pela popula\u00e7\u00e3o. A reuni\u00e3o foi presidida pelo vereador Z\u00e9 Ant\u00f4nio.<\/p>\n<p><img fetchpriority=\"high\" decoding=\"async\" class=\"alignnone size-full wp-image-61541\" src=\"http:\/\/caririemacao.com\/1\/wp-content\/uploads\/2018\/08\/sume1.jpg\" alt=\"\" width=\"1024\" height=\"683\" srcset=\"https:\/\/www.caririemacao.com\/1\/wp-content\/uploads\/2018\/08\/sume1.jpg 1024w, https:\/\/www.caririemacao.com\/1\/wp-content\/uploads\/2018\/08\/sume1-300x200.jpg 300w, https:\/\/www.caririemacao.com\/1\/wp-content\/uploads\/2018\/08\/sume1-768x512.jpg 768w\" sizes=\"(max-width: 1024px) 100vw, 1024px\" \/><\/p>\n<p>Durante a sess\u00e3o, o vereador Aloizio Salvador de Lima \u201cSabugo\u201d apresentou Voto de Pesar pelo falecimento da senhora Josefa Gon\u00e7alves de Macedo, externando os seus votos de pesar \u00e0 fam\u00edlia.<\/p>\n<p>J\u00e1 em rela\u00e7\u00e3o ao Projeto de Lei de autoria do Poder Executivo que pede a revis\u00e3o em 1% dos valores pagos aos servidores efetivos e aposentados do munic\u00edpio, o vereador Juan Pereira pediu vista e a aprova\u00e7\u00e3o do PL foi adiada para a pr\u00f3xima reuni\u00e3o.<\/p>\n<p><img decoding=\"async\" class=\"alignnone size-full wp-image-61538 lazyload\" data-src=\"http:\/\/caririemacao.com\/1\/wp-content\/uploads\/2018\/08\/sum\u00e9-2.jpg\" alt=\"\" width=\"1024\" height=\"683\" data-srcset=\"https:\/\/www.caririemacao.com\/1\/wp-content\/uploads\/2018\/08\/sum\u00e9-2.jpg 1024w, https:\/\/www.caririemacao.com\/1\/wp-content\/uploads\/2018\/08\/sum\u00e9-2-300x200.jpg 300w, https:\/\/www.caririemacao.com\/1\/wp-content\/uploads\/2018\/08\/sum\u00e9-2-768x512.jpg 768w\" data-sizes=\"(max-width: 1024px) 100vw, 1024px\" src=\"data:image\/svg+xml;base64,PHN2ZyB3aWR0aD0iMSIgaGVpZ2h0PSIxIiB4bWxucz0iaHR0cDovL3d3dy53My5vcmcvMjAwMC9zdmciPjwvc3ZnPg==\" style=\"--smush-placeholder-width: 1024px; --smush-placeholder-aspect-ratio: 1024\/683;\" \/><\/p>\n<p>O presidente Z\u00e9 Ant\u00f4nio destacou que as comiss\u00f5es j\u00e1 tinham aprovado o PL que dar aumento aos servidores, e mesmo assim, o vereador Juan pediu vista, adiantando a vota\u00e7\u00e3o e consequentemente deixando os servidores de receberem j\u00e1 este m\u00eas o aumento nos seus proventos.<\/p>\n","protected":false},"excerpt":{"rendered":"<p>Os vereadores sumeenses se reuniram na noite desta ter\u00e7a-feira, dia 14 de agosto para debater as proposituras demandas pela popula\u00e7\u00e3o. A reuni\u00e3o foi presidida pelo&hellip; <\/p>\n","protected":false},"author":2,"featured_media":61537,"comment_status":"closed","ping_status":"closed","sticky":false,"template":"","format":"standard","meta":{"sfsi_plus_gutenberg_text_before_share":"","sfsi_plus_gutenberg_show_text_before_share":"","sfsi_plus_gutenberg_icon_type":"","sfsi_plus_gutenberg_icon_alignemt":"","sfsi_plus_gutenburg_max_per_row":"","footnotes":""},"categories":[6],"tags":[],"class_list":["post-61532","post","type-post","status-publish","format-standard","has-post-thumbnail","hentry","category-cidades"],"_links":{"self":[{"href":"https:\/\/www.caririemacao.com\/1\/wp-json\/wp\/v2\/posts\/61532","targetHints":{"allow":["GET"]}}],"collection":[{"href":"https:\/\/www.caririemacao.com\/1\/wp-json\/wp\/v2\/posts"}],"about":[{"href":"https:\/\/www.caririemacao.com\/1\/wp-json\/wp\/v2\/types\/post"}],"author":[{"embeddable":true,"href":"https:\/\/www.caririemacao.com\/1\/wp-json\/wp\/v2\/users\/2"}],"replies":[{"embeddable":true,"href":"https:\/\/www.caririemacao.com\/1\/wp-json\/wp\/v2\/comments?post=61532"}],"version-history":[{"count":1,"href":"https:\/\/www.caririemacao.com\/1\/wp-json\/wp\/v2\/posts\/61532\/revisions"}],"predecessor-version":[{"id":61542,"href":"https:\/\/www.caririemacao.com\/1\/wp-json\/wp\/v2\/posts\/61532\/revisions\/61542"}],"wp:featuredmedia":[{"embeddable":true,"href":"https:\/\/www.caririemacao.com\/1\/wp-json\/wp\/v2\/media\/61537"}],"wp:attachment":[{"href":"https:\/\/www.caririemacao.com\/1\/wp-json\/wp\/v2\/media?parent=61532"}],"wp:term":[{"taxonomy":"category","embeddable":true,"href":"https:\/\/www.caririemacao.com\/1\/wp-json\/wp\/v2\/categories?post=61532"},{"taxonomy":"post_tag","embeddable":true,"href":"https:\/\/www.caririemacao.com\/1\/wp-json\/wp\/v2\/tags?post=61532"}],"curies":[{"name":"wp","href":"https:\/\/api.w.org\/{rel}","templated":true}]}}