{"id":61536,"date":"2018-08-15T09:22:10","date_gmt":"2018-08-15T12:22:10","guid":{"rendered":"http:\/\/caririemacao.com\/1\/?p=61536"},"modified":"2018-08-15T09:22:10","modified_gmt":"2018-08-15T12:22:10","slug":"no-tse-dodge-diz-que-justica-deve-definir-candidatos-com-rapidez","status":"publish","type":"post","link":"https:\/\/www.caririemacao.com\/1\/2018\/08\/15\/no-tse-dodge-diz-que-justica-deve-definir-candidatos-com-rapidez\/","title":{"rendered":"No TSE, Dodge diz que Justi\u00e7a deve definir candidatos com rapidez"},"content":{"rendered":"<p><span class=\"news_capital_letter\">A<\/span>procuradora-geral da Rep\u00fablica, Raquel Dodge, disse na noite desta ter\u00e7a (14), na cerim\u00f4nia de posse da ministra Rosa Weber como presidente do TSE (Tribunal Superior Eleitoral), que as elei\u00e7\u00f5es deste ano ser\u00e3o complexas e marcadas por leis novas, inspiradas pelo anseio da popula\u00e7\u00e3o de combater a corrup\u00e7\u00e3o.<\/p>\n<p>Sem citar nominalmente o ex-presidente Luiz In\u00e1cio Lula da Silva, que est\u00e1 preso em Curitiba e dever\u00e1 pedir seu registro de candidatura a presidente ao TSE nesta quarta (15), Dodge disse s\u00f3 devem concorrer candidatos eleg\u00edveis.<\/p>\n<p>&#8220;As elei\u00e7\u00f5es ser\u00e3o complexas, reguladas por leis novas que floresceram sob influ\u00eancia de reclamos por integridade, igualdade e Justi\u00e7a, que tem dominado as conversas dos brasileiros e o notici\u00e1rio nacional&#8221;, disse Dodge, acrescentando que o combate \u00e0 corrup\u00e7\u00e3o e a Lava Jato contribu\u00edram para isso.<\/p>\n<p>Dodge afirmou que &#8220;recursos protelat\u00f3rios tamb\u00e9m n\u00e3o podem ter efeito suspensivo&#8221;, ou seja, que os candidatos sub judice n\u00e3o podem arrastar os processos a fim de influenciar no resultado das elei\u00e7\u00f5es.<\/p>\n<p>&#8220;\u00c9 tarefa da Justi\u00e7a Eleitoral anunciar ao eleitor, o quanto antes e com seguran\u00e7a jur\u00eddica, quem s\u00e3o os reais concorrentes, ou seja, os que t\u00eam capacidade eleitoral passiva e podem ser votados, segundo a lei vigente&#8221;, afirmou.<\/p>\n<p style=\"text-align: right;\"><strong><em>Folhapress<\/em><\/strong><\/p>\n","protected":false},"excerpt":{"rendered":"<p>Aprocuradora-geral da Rep\u00fablica, Raquel Dodge, disse na noite desta ter\u00e7a (14), na cerim\u00f4nia de posse da ministra Rosa Weber como presidente do TSE (Tribunal Superior&hellip; <\/p>\n","protected":false},"author":1,"featured_media":46677,"comment_status":"closed","ping_status":"closed","sticky":false,"template":"","format":"standard","meta":{"sfsi_plus_gutenberg_text_before_share":"","sfsi_plus_gutenberg_show_text_before_share":"","sfsi_plus_gutenberg_icon_type":"","sfsi_plus_gutenberg_icon_alignemt":"","sfsi_plus_gutenburg_max_per_row":"","footnotes":""},"categories":[2],"tags":[],"class_list":["post-61536","post","type-post","status-publish","format-standard","has-post-thumbnail","hentry","category-geral"],"_links":{"self":[{"href":"https:\/\/www.caririemacao.com\/1\/wp-json\/wp\/v2\/posts\/61536","targetHints":{"allow":["GET"]}}],"collection":[{"href":"https:\/\/www.caririemacao.com\/1\/wp-json\/wp\/v2\/posts"}],"about":[{"href":"https:\/\/www.caririemacao.com\/1\/wp-json\/wp\/v2\/types\/post"}],"author":[{"embeddable":true,"href":"https:\/\/www.caririemacao.com\/1\/wp-json\/wp\/v2\/users\/1"}],"replies":[{"embeddable":true,"href":"https:\/\/www.caririemacao.com\/1\/wp-json\/wp\/v2\/comments?post=61536"}],"version-history":[{"count":1,"href":"https:\/\/www.caririemacao.com\/1\/wp-json\/wp\/v2\/posts\/61536\/revisions"}],"predecessor-version":[{"id":61539,"href":"https:\/\/www.caririemacao.com\/1\/wp-json\/wp\/v2\/posts\/61536\/revisions\/61539"}],"wp:featuredmedia":[{"embeddable":true,"href":"https:\/\/www.caririemacao.com\/1\/wp-json\/wp\/v2\/media\/46677"}],"wp:attachment":[{"href":"https:\/\/www.caririemacao.com\/1\/wp-json\/wp\/v2\/media?parent=61536"}],"wp:term":[{"taxonomy":"category","embeddable":true,"href":"https:\/\/www.caririemacao.com\/1\/wp-json\/wp\/v2\/categories?post=61536"},{"taxonomy":"post_tag","embeddable":true,"href":"https:\/\/www.caririemacao.com\/1\/wp-json\/wp\/v2\/tags?post=61536"}],"curies":[{"name":"wp","href":"https:\/\/api.w.org\/{rel}","templated":true}]}}