{"id":61554,"date":"2018-08-15T09:59:41","date_gmt":"2018-08-15T12:59:41","guid":{"rendered":"http:\/\/caririemacao.com\/1\/?p=61554"},"modified":"2018-08-15T09:59:41","modified_gmt":"2018-08-15T12:59:41","slug":"testes-questionario-exames-em-48h-flamengo-aposta-em-elenco-inteiro-contra-efeitos-da-maratona","status":"publish","type":"post","link":"https:\/\/www.caririemacao.com\/1\/2018\/08\/15\/testes-questionario-exames-em-48h-flamengo-aposta-em-elenco-inteiro-contra-efeitos-da-maratona\/","title":{"rendered":"Testes, question\u00e1rio, exames em 48h&#8230; Flamengo aposta em elenco &#8220;inteiro&#8221; contra efeitos da maratona"},"content":{"rendered":"<p>Mauricio Barbieri combateu na v\u00e9spera da partida contra o Gr\u00eamio o que definiu como an\u00e1lise de &#8220;conveni\u00eancia&#8221;. Citou a perspectiva da primeira partida contra os ga\u00fachos, em Porto Alegre, quando o Flamengo foi melhor no segundo tempo, para lembrar que a avalia\u00e7\u00e3o final das estrat\u00e9gias e dos dilemas poupar ou n\u00e3o vai de acordo com o resultado final.<\/p>\n<p>A partida desta noite do Maracan\u00e3, \u00e0s 21h45, que define um dos semifinalistas da Copa do Brasil p\u00f5e frente a frente duas for\u00e7as do futebol brasileiro e discuss\u00f5es a respeito da forma de encarar as competi\u00e7\u00f5es em disputa na temporada.<\/p>\n<p>O Flamengo se baseia em pelo menos quatro m\u00e9todos de an\u00e1lise de cada jogador e duas avalia\u00e7\u00f5es em 48h &#8211; a primeira no dia seguinte da partida, a segunda, ap\u00f3s o primeiro dia da apresenta\u00e7\u00e3o. Ao mesmo tempo, mede os n\u00edveis de CK (creatina quinase), conferindo cansa\u00e7o, desgaste, faz avalia\u00e7\u00e3o de urina (que verifica hidrata\u00e7\u00e3o), realiza question\u00e1rios pessoais com os jogadores, al\u00e9m de exames de termografia. Neste \u00faltimo, observa nas imagens se h\u00e1 &#8220;manchas&#8221; que podem sinalizar poss\u00edveis riscos de les\u00e3o.<\/p>\n<div class=\"content-media content-media--normal\" data-block-type=\"backstage-photo\">\n<figure class=\"content-media__container\"><img decoding=\"async\" class=\"i-amphtml-fill-content i-amphtml-replaced-content lazyload\" data-src=\"https:\/\/s2-glbimg-com.cdn.ampproject.org\/i\/s\/s2.glbimg.com\/EczSvtakFOqVB7lrllUVYq5FS_s=\/0x0:1800x1200\/695x0\/smart\/filters:strip_icc()\/i.s3.glbimg.com\/v1\/AUTH_bc8228b6673f488aa253bbcb03c80ec5\/internal_photos\/bs\/2018\/L\/A\/ejwdPZRS6QhZIycJwHXA\/1532895914296.jpg\" alt=\"L\u00e9o Duarte \u00e9 um dos jogadores mais exigidos em jogos do Flamengo: corre, em m\u00e9dia, 10 km por partida (Foto: Staff Images\/Flamengo)\" src=\"data:image\/svg+xml;base64,PHN2ZyB3aWR0aD0iMSIgaGVpZ2h0PSIxIiB4bWxucz0iaHR0cDovL3d3dy53My5vcmcvMjAwMC9zdmciPjwvc3ZnPg==\" \/><\/figure>\n<\/div>\n<p>N\u00e3o \u00e9 decis\u00e3o simples. A comiss\u00e3o t\u00e9cnica rubro-negra se debru\u00e7a nas avalia\u00e7\u00f5es e depois, com o t\u00e9cnico Mauricio Barbieri, apresentam os dados. A \u00faltima palavra \u00e9 a do treinador.<\/p>\n<p>&#8211; L\u00e9o Duarte era o que tinha o maior risco de les\u00e3o dentro das avalia\u00e7\u00f5es que fizemos &#8211; revelou o preparador f\u00edsico Diogo Linhares.<\/p>\n<p>Em entrevista o profissional rubro-negro explicou um pouco mais da metodologia e das avalia\u00e7\u00f5es realizadas em meio \u00e0 maratona de partidas.<\/p>\n<div class=\"content-media content-media--normal\" data-block-type=\"backstage-photo\"><\/div>\n<div data-block-type=\"backstage-photo\"><strong>Globo Esporte\/Foto: Reprodu\u00e7\u00e3o\u00a0<\/strong><\/div>\n<div data-block-type=\"backstage-photo\">\n<p>Cariri Em A\u00e7\u00e3o<\/p>\n<p>Leia mais not\u00edcias em\u00a0<a href=\"http:\/\/www.caririemacao.com\/\">caririemacao.com<\/a>, siga nossa p\u00e1gina no\u00a0<a href=\"https:\/\/www.facebook.com\/CaririEmAcao\/?ref=aymt_homepage_panel\">Facebook<\/a>,\u00a0<a href=\"https:\/\/www.instagram.com\/cariri_em_acao\/?hl=pt-br\">Instagram<\/a>\u00a0e\u00a0<a href=\"https:\/\/www.youtube.com\/channel\/UCAptA0jQuYQy8vMhLt2m4qg\">Youtube<\/a>\u00a0e veja nossas mat\u00e9rias, v\u00eddeos e fotos. Voc\u00ea tamb\u00e9m pode enviar informa\u00e7\u00f5es \u00e0 Reda\u00e7\u00e3o do Portal Cariri em A\u00e7\u00e3o pelo WhatsApp (83) 9 9634.5791, (83) 9 9601-1162.<\/p>\n<\/div>\n","protected":false},"excerpt":{"rendered":"<p>Mauricio Barbieri combateu na v\u00e9spera da partida contra o Gr\u00eamio o que definiu como an\u00e1lise de &#8220;conveni\u00eancia&#8221;. Citou a perspectiva da primeira partida contra os&hellip; <\/p>\n","protected":false},"author":1,"featured_media":36688,"comment_status":"closed","ping_status":"closed","sticky":false,"template":"","format":"standard","meta":{"sfsi_plus_gutenberg_text_before_share":"","sfsi_plus_gutenberg_show_text_before_share":"","sfsi_plus_gutenberg_icon_type":"","sfsi_plus_gutenberg_icon_alignemt":"","sfsi_plus_gutenburg_max_per_row":"","footnotes":""},"categories":[13],"tags":[],"class_list":["post-61554","post","type-post","status-publish","format-standard","has-post-thumbnail","hentry","category-esportes"],"_links":{"self":[{"href":"https:\/\/www.caririemacao.com\/1\/wp-json\/wp\/v2\/posts\/61554","targetHints":{"allow":["GET"]}}],"collection":[{"href":"https:\/\/www.caririemacao.com\/1\/wp-json\/wp\/v2\/posts"}],"about":[{"href":"https:\/\/www.caririemacao.com\/1\/wp-json\/wp\/v2\/types\/post"}],"author":[{"embeddable":true,"href":"https:\/\/www.caririemacao.com\/1\/wp-json\/wp\/v2\/users\/1"}],"replies":[{"embeddable":true,"href":"https:\/\/www.caririemacao.com\/1\/wp-json\/wp\/v2\/comments?post=61554"}],"version-history":[{"count":1,"href":"https:\/\/www.caririemacao.com\/1\/wp-json\/wp\/v2\/posts\/61554\/revisions"}],"predecessor-version":[{"id":61555,"href":"https:\/\/www.caririemacao.com\/1\/wp-json\/wp\/v2\/posts\/61554\/revisions\/61555"}],"wp:featuredmedia":[{"embeddable":true,"href":"https:\/\/www.caririemacao.com\/1\/wp-json\/wp\/v2\/media\/36688"}],"wp:attachment":[{"href":"https:\/\/www.caririemacao.com\/1\/wp-json\/wp\/v2\/media?parent=61554"}],"wp:term":[{"taxonomy":"category","embeddable":true,"href":"https:\/\/www.caririemacao.com\/1\/wp-json\/wp\/v2\/categories?post=61554"},{"taxonomy":"post_tag","embeddable":true,"href":"https:\/\/www.caririemacao.com\/1\/wp-json\/wp\/v2\/tags?post=61554"}],"curies":[{"name":"wp","href":"https:\/\/api.w.org\/{rel}","templated":true}]}}