{"id":61556,"date":"2018-08-15T10:39:29","date_gmt":"2018-08-15T13:39:29","guid":{"rendered":"http:\/\/caririemacao.com\/1\/?p=61556"},"modified":"2018-08-15T10:39:29","modified_gmt":"2018-08-15T13:39:29","slug":"confira-a-agenda-dos-candidatos-ao-governo-do-estado-para-esta-quarta-feira-2","status":"publish","type":"post","link":"https:\/\/www.caririemacao.com\/1\/2018\/08\/15\/confira-a-agenda-dos-candidatos-ao-governo-do-estado-para-esta-quarta-feira-2\/","title":{"rendered":"Confira a agenda dos candidatos ao Governo do Estado para esta quarta-feira"},"content":{"rendered":"<div class=\"td-featured-image-rec\">\n<div class=\"td-post-featured-image\"><a class=\"td-modal-image\" href=\"https:\/\/paraibaja.com.br\/wp-content\/uploads\/2016\/08\/agenda-3.png\" data-caption=\"\"><img fetchpriority=\"high\" decoding=\"async\" class=\"entry-thumb td-animation-stack-type0-1\" title=\"agenda 3\" src=\"https:\/\/paraibaja.com.br\/wp-content\/uploads\/2016\/08\/agenda-3.png\" sizes=\"(max-width: 690px) 100vw, 690px\" srcset=\"https:\/\/paraibaja.com.br\/wp-content\/uploads\/2016\/08\/agenda-3.png 690w, https:\/\/paraibaja.com.br\/wp-content\/uploads\/2016\/08\/agenda-3-300x157.png 300w\" alt=\"Confira a agenda dos candidatos ao Governo do Estado para esta quarta-feira\" width=\"690\" height=\"360\" \/><\/a><\/div>\n<\/div>\n<p>Nesta quarta-feira (15), os candidatos a governador do Estado da Para\u00edba divulgaram suas agendas de compromisso. Reuni\u00f5es e entrevistas marcam o dia de hoje. Os candidatos est\u00e3o dispostos em ordem alfab\u00e9tica.<\/p>\n<p>Confira os compromissos de cada um dos candidatos:<\/p>\n<p>&nbsp;<\/p>\n<p><strong>AGENDA JO\u00c3O AZEV\u00caDO\u00a0\u2013 15\/08<\/strong><\/p>\n<p><u><strong>Manh\u00e3<\/strong><\/u><\/p>\n<p><strong>11h30 \u2013\u00a0<\/strong>Concede entrevista \u00e0 R\u00e1dio Tabajara<\/p>\n<p><u><strong>Tarde<\/strong><\/u><\/p>\n<p>Grava para o guia eleitoral<\/p>\n<p><u><strong>Noite<\/strong><\/u><\/p>\n<p><strong>19h \u2013\u00a0<\/strong>Participa de reuni\u00e3o com empres\u00e1rios de Campina Grande<\/p>\n<p>&nbsp;<\/p>\n<p><strong>AGENDA JOS\u00c9 MARAH\u00c3O\u00a0\u2013 15\/08<\/strong><\/p>\n<p>&nbsp;<\/p>\n<p>09h \u2013 Participa de missa no Sitio Boa Vista, em Araruna.<\/p>\n<p>Tarde e Noite<\/p>\n<p>N\u00e3o divulgou agenda<\/p>\n<p>&nbsp;<\/p>\n<p><strong>AGENDA LUC\u00c9LIO CARTAXO \u2013 15\/08<\/strong><\/p>\n<p>9h \u2013 Reuni\u00e3o com equipe de campanha<br \/>\n14h \u2013 Recebe lideran\u00e7as<br \/>\n18h30 \u2013 Reuni\u00e3o com candidatos da chapa proporcional<br \/>\n19h30 \u2013 Participa do lan\u00e7amento da campanha de Helena Holanda<\/p>\n<p>&nbsp;<\/p>\n<p><strong>AGENDA T\u00c1RCIO TEIXEIRA \u2013 15\/08<\/strong><\/p>\n<p>Manh\u00e3<\/p>\n<p>Sem programa\u00e7\u00e3o<\/p>\n<p>Tarde<\/p>\n<p>12:30h- Campina FM Entrevista<br \/>\nCampina Grande<\/p>\n<p>17h \u2013 Festival Lula Livre, na Pra\u00e7a<br \/>\nda Paz.<\/p>\n<p>Noite<\/p>\n<p>19:30h- Reuni\u00e3o da Coordena\u00e7\u00e3o<br \/>\nsobre Debates de TV<\/p>\n<p>&nbsp;<\/p>\n<p><strong>AGENDA RAMA DANTAS \u2013 15\/08<\/strong><\/p>\n<p>Se prepara para o debate da TV Mana\u00edra\/Band<\/p>\n<p>&nbsp;<\/p>\n<p><strong>Para\u00edba J\u00e1\/Foto: Reprodu\u00e7\u00e3o\u00a0<\/strong><\/p>\n<p>Cariri Em A\u00e7\u00e3o<\/p>\n<p>Leia mais not\u00edcias em\u00a0<a href=\"http:\/\/www.caririemacao.com\/\">caririemacao.com<\/a>, siga nossa p\u00e1gina no\u00a0<a href=\"https:\/\/www.facebook.com\/CaririEmAcao\/?ref=aymt_homepage_panel\">Facebook<\/a>,\u00a0<a href=\"https:\/\/www.instagram.com\/cariri_em_acao\/?hl=pt-br\">Instagram<\/a>\u00a0e\u00a0<a href=\"https:\/\/www.youtube.com\/channel\/UCAptA0jQuYQy8vMhLt2m4qg\">Youtube<\/a>\u00a0e veja nossas mat\u00e9rias, v\u00eddeos e fotos. Voc\u00ea tamb\u00e9m pode enviar informa\u00e7\u00f5es \u00e0 Reda\u00e7\u00e3o do Portal Cariri em A\u00e7\u00e3o pelo WhatsApp (83) 9 9634.5791, (83) 9 9601-1162.<\/p>\n","protected":false},"excerpt":{"rendered":"<p>Nesta quarta-feira (15), os candidatos a governador do Estado da Para\u00edba divulgaram suas agendas de compromisso. Reuni\u00f5es e entrevistas marcam o dia de hoje. Os&hellip; <\/p>\n","protected":false},"author":1,"featured_media":61391,"comment_status":"closed","ping_status":"closed","sticky":false,"template":"","format":"standard","meta":{"sfsi_plus_gutenberg_text_before_share":"","sfsi_plus_gutenberg_show_text_before_share":"","sfsi_plus_gutenberg_icon_type":"","sfsi_plus_gutenberg_icon_alignemt":"","sfsi_plus_gutenburg_max_per_row":"","footnotes":""},"categories":[1],"tags":[],"class_list":["post-61556","post","type-post","status-publish","format-standard","has-post-thumbnail","hentry","category-o-site"],"_links":{"self":[{"href":"https:\/\/www.caririemacao.com\/1\/wp-json\/wp\/v2\/posts\/61556","targetHints":{"allow":["GET"]}}],"collection":[{"href":"https:\/\/www.caririemacao.com\/1\/wp-json\/wp\/v2\/posts"}],"about":[{"href":"https:\/\/www.caririemacao.com\/1\/wp-json\/wp\/v2\/types\/post"}],"author":[{"embeddable":true,"href":"https:\/\/www.caririemacao.com\/1\/wp-json\/wp\/v2\/users\/1"}],"replies":[{"embeddable":true,"href":"https:\/\/www.caririemacao.com\/1\/wp-json\/wp\/v2\/comments?post=61556"}],"version-history":[{"count":1,"href":"https:\/\/www.caririemacao.com\/1\/wp-json\/wp\/v2\/posts\/61556\/revisions"}],"predecessor-version":[{"id":61558,"href":"https:\/\/www.caririemacao.com\/1\/wp-json\/wp\/v2\/posts\/61556\/revisions\/61558"}],"wp:featuredmedia":[{"embeddable":true,"href":"https:\/\/www.caririemacao.com\/1\/wp-json\/wp\/v2\/media\/61391"}],"wp:attachment":[{"href":"https:\/\/www.caririemacao.com\/1\/wp-json\/wp\/v2\/media?parent=61556"}],"wp:term":[{"taxonomy":"category","embeddable":true,"href":"https:\/\/www.caririemacao.com\/1\/wp-json\/wp\/v2\/categories?post=61556"},{"taxonomy":"post_tag","embeddable":true,"href":"https:\/\/www.caririemacao.com\/1\/wp-json\/wp\/v2\/tags?post=61556"}],"curies":[{"name":"wp","href":"https:\/\/api.w.org\/{rel}","templated":true}]}}