{"id":61559,"date":"2018-08-15T10:44:52","date_gmt":"2018-08-15T13:44:52","guid":{"rendered":"http:\/\/caririemacao.com\/1\/?p=61559"},"modified":"2018-08-15T10:47:58","modified_gmt":"2018-08-15T13:47:58","slug":"camara-de-vereadores-de-jatauba-divulga-edital-de-concurso-publico-para-provimento-de-16-vagas","status":"publish","type":"post","link":"https:\/\/www.caririemacao.com\/1\/2018\/08\/15\/camara-de-vereadores-de-jatauba-divulga-edital-de-concurso-publico-para-provimento-de-16-vagas\/","title":{"rendered":"C\u00e2mara de vereadores de Jata\u00faba divulga edital de concurso p\u00fablico para provimento de 16 vagas"},"content":{"rendered":"<div>Com normas divulgadas na segunda-feira, 13 de agosto est\u00e1 aberto o concurso p\u00fablico da C\u00e2mara Municipal de Jata\u00faba, estado de Pernambuco. A sele\u00e7\u00e3o de pessoal visa o preenchimento de 16 vagas e formar cadastro de reserva em cargos de ensino fundamental, m\u00e9dio ou superior, e h\u00e1 reserva de 5% das vagas aos candidatos portadores de defici\u00eancia.<\/div>\n<div>A C\u00e2mara oferece sal\u00e1rios entre R$ 937,00 e R$ 1.800,00, por jornadas de trabalho de 40 horas por semana.<\/div>\n<div>As oportunidades envolvem cargos de Assistente de Contabilidade (4), Assistente de Controle Interno (5), Auxiliar Administrativo (1), Auxiliar de Servi\u00e7os Gerais (2), Motorista &#8220;B&#8221; (1), Oficial Legislativo (2) e Procurador (1).<\/div>\n<h3>Inscri\u00e7\u00e3o<\/h3>\n<div>As inscri\u00e7\u00f5es devem ser realizadas das 8h do dia 31 de agosto at\u00e9 as 23h59min do dia 30 de setembro de 2018, pela internet, atrav\u00e9s do endere\u00e7o eletr\u00f4nico\u00a0<a href=\"http:\/\/www.funvapi.com.br\/\" target=\"_blank\" rel=\"nofollow noopener\">www.funvapi.com.br<\/a>. A taxa de inscri\u00e7\u00e3o custa R$ 70,00 para n\u00edvel fundamental, R$ 80,00 para n\u00edvel m\u00e9dio e R$ 100,00 para ensino superior.<\/div>\n<h2>Provas<\/h2>\n<div>Os candidatos passar\u00e3o por provas objetivas com 40 quest\u00f5es de l\u00edngua portuguesa, racioc\u00ednio l\u00f3gico, conhecimentos espec\u00edficos e matem\u00e1tica. As provas objetivas ser\u00e3o aplicadas no dia 4 de novembro de 2018, em local e hor\u00e1rio a serem divulgados atrav\u00e9s do cart\u00e3o informativo do candidato.<\/div>\n<div>O gabarito oficial da prova escrita ser\u00e1 divulgado atrav\u00e9s dos endere\u00e7os eletr\u00f4nicos www.funvapi.com.br e camarajatauba.pe.gov.br no dia 05 de novembro.<\/div>\n<div>Ser\u00e1 considerado classificado na prova objetiva o candidato que obtiver, no m\u00ednimo, 60% do somat\u00f3rio dos pontos correspondentes ao conjunto modalidades que comp\u00f5em a prova objetiva.<\/div>\n<div>O prazo de validade deste concurso \u00e9 de dois anos, a contar da data de sua homologa\u00e7\u00e3o, podendo ser prorrog\u00e1vel por igual per\u00edodo, a ju\u00edzo da Administra\u00e7\u00e3o Municipal.<\/div>\n<div><strong>Anexo:<\/strong>\u00a0<a href=\"https:\/\/www.acheconcursos.com.br\/edital-concurso\/edital-concurso-camara-de-jatauba-pe-2018-\">Edital Concurso C\u00e2mara de Jata\u00faba-PE 2018<\/a><\/div>\n<div><\/div>\n<div><\/div>\n<div><\/div>\n<div><b><i>Portal Ache Concursos\/Foto: Reprodu\u00e7\u00e3o\u00a0<\/i><\/b><\/div>\n<div>\n<p>Cariri Em A\u00e7\u00e3o<\/p>\n<p>Leia mais not\u00edcias em\u00a0<a href=\"http:\/\/www.caririemacao.com\/\">caririemacao.com<\/a>, siga nossa p\u00e1gina no\u00a0<a href=\"https:\/\/www.facebook.com\/CaririEmAcao\/?ref=aymt_homepage_panel\">Facebook<\/a>,\u00a0<a href=\"https:\/\/www.instagram.com\/cariri_em_acao\/?hl=pt-br\">Instagram<\/a>\u00a0e\u00a0<a href=\"https:\/\/www.youtube.com\/channel\/UCAptA0jQuYQy8vMhLt2m4qg\">Youtube<\/a>\u00a0e veja nossas mat\u00e9rias, v\u00eddeos e fotos. Voc\u00ea tamb\u00e9m pode enviar informa\u00e7\u00f5es \u00e0 Reda\u00e7\u00e3o do Portal Cariri em A\u00e7\u00e3o pelo WhatsApp (83) 9 9634.5791, (83) 9 9601-1162.<\/p>\n<\/div>\n","protected":false},"excerpt":{"rendered":"<p>Com normas divulgadas na segunda-feira, 13 de agosto est\u00e1 aberto o concurso p\u00fablico da C\u00e2mara Municipal de Jata\u00faba, estado de Pernambuco. A sele\u00e7\u00e3o de pessoal&hellip; <\/p>\n","protected":false},"author":1,"featured_media":61560,"comment_status":"closed","ping_status":"closed","sticky":false,"template":"","format":"standard","meta":{"sfsi_plus_gutenberg_text_before_share":"","sfsi_plus_gutenberg_show_text_before_share":"","sfsi_plus_gutenberg_icon_type":"","sfsi_plus_gutenberg_icon_alignemt":"","sfsi_plus_gutenburg_max_per_row":"","footnotes":""},"categories":[6],"tags":[],"class_list":["post-61559","post","type-post","status-publish","format-standard","has-post-thumbnail","hentry","category-cidades"],"_links":{"self":[{"href":"https:\/\/www.caririemacao.com\/1\/wp-json\/wp\/v2\/posts\/61559","targetHints":{"allow":["GET"]}}],"collection":[{"href":"https:\/\/www.caririemacao.com\/1\/wp-json\/wp\/v2\/posts"}],"about":[{"href":"https:\/\/www.caririemacao.com\/1\/wp-json\/wp\/v2\/types\/post"}],"author":[{"embeddable":true,"href":"https:\/\/www.caririemacao.com\/1\/wp-json\/wp\/v2\/users\/1"}],"replies":[{"embeddable":true,"href":"https:\/\/www.caririemacao.com\/1\/wp-json\/wp\/v2\/comments?post=61559"}],"version-history":[{"count":2,"href":"https:\/\/www.caririemacao.com\/1\/wp-json\/wp\/v2\/posts\/61559\/revisions"}],"predecessor-version":[{"id":61562,"href":"https:\/\/www.caririemacao.com\/1\/wp-json\/wp\/v2\/posts\/61559\/revisions\/61562"}],"wp:featuredmedia":[{"embeddable":true,"href":"https:\/\/www.caririemacao.com\/1\/wp-json\/wp\/v2\/media\/61560"}],"wp:attachment":[{"href":"https:\/\/www.caririemacao.com\/1\/wp-json\/wp\/v2\/media?parent=61559"}],"wp:term":[{"taxonomy":"category","embeddable":true,"href":"https:\/\/www.caririemacao.com\/1\/wp-json\/wp\/v2\/categories?post=61559"},{"taxonomy":"post_tag","embeddable":true,"href":"https:\/\/www.caririemacao.com\/1\/wp-json\/wp\/v2\/tags?post=61559"}],"curies":[{"name":"wp","href":"https:\/\/api.w.org\/{rel}","templated":true}]}}