{"id":61563,"date":"2018-08-15T11:13:20","date_gmt":"2018-08-15T14:13:20","guid":{"rendered":"http:\/\/caririemacao.com\/1\/?p=61563"},"modified":"2018-08-15T11:13:20","modified_gmt":"2018-08-15T14:13:20","slug":"jatauba-recebe-polo-de-ensino-superior-do-cec","status":"publish","type":"post","link":"https:\/\/www.caririemacao.com\/1\/2018\/08\/15\/jatauba-recebe-polo-de-ensino-superior-do-cec\/","title":{"rendered":"Jata\u00faba recebe polo de ensino superior do CEC"},"content":{"rendered":"<p>A cidade de Jata\u00faba, localizada no agreste pernambucano, recebeu na noite desta ter\u00e7a-feira, dia 14, uma importante ferramenta que fortalecer\u00e1 mais ainda o ensino superior do munic\u00edpio.<\/p>\n<p><img fetchpriority=\"high\" decoding=\"async\" class=\"alignnone size-full wp-image-61565\" src=\"http:\/\/caririemacao.com\/1\/wp-content\/uploads\/2018\/08\/DSC_0444-1.jpg\" alt=\"\" width=\"1024\" height=\"683\" srcset=\"https:\/\/www.caririemacao.com\/1\/wp-content\/uploads\/2018\/08\/DSC_0444-1.jpg 1024w, https:\/\/www.caririemacao.com\/1\/wp-content\/uploads\/2018\/08\/DSC_0444-1-300x200.jpg 300w, https:\/\/www.caririemacao.com\/1\/wp-content\/uploads\/2018\/08\/DSC_0444-1-768x512.jpg 768w\" sizes=\"(max-width: 1024px) 100vw, 1024px\" \/><\/p>\n<p>Foi inaugurado o Polo do Complexo Educacional do Cariri (CEC) em parceria com a Prefeitura Municipal, atrav\u00e9s da Secretaria de Educa\u00e7\u00e3o e que vai oferecer na cidade v\u00e1rios cursos de ensino superior.<\/p>\n<p><img decoding=\"async\" class=\"alignnone size-full wp-image-61569 lazyload\" data-src=\"http:\/\/caririemacao.com\/1\/wp-content\/uploads\/2018\/08\/DSC_0451-1.jpg\" alt=\"\" width=\"1024\" height=\"683\" data-srcset=\"https:\/\/www.caririemacao.com\/1\/wp-content\/uploads\/2018\/08\/DSC_0451-1.jpg 1024w, https:\/\/www.caririemacao.com\/1\/wp-content\/uploads\/2018\/08\/DSC_0451-1-300x200.jpg 300w, https:\/\/www.caririemacao.com\/1\/wp-content\/uploads\/2018\/08\/DSC_0451-1-768x512.jpg 768w\" data-sizes=\"(max-width: 1024px) 100vw, 1024px\" src=\"data:image\/svg+xml;base64,PHN2ZyB3aWR0aD0iMSIgaGVpZ2h0PSIxIiB4bWxucz0iaHR0cDovL3d3dy53My5vcmcvMjAwMC9zdmciPjwvc3ZnPg==\" style=\"--smush-placeholder-width: 1024px; --smush-placeholder-aspect-ratio: 1024\/683;\" \/><\/p>\n<p>Esteve participando da solenidade de inaugura\u00e7\u00e3o, o diretor do CEC, C\u00edcero Roberto, o prefeito de Jata\u00faba, Antonio de Roque, vice-prefeito Jackson Ribeiro, secret\u00e1ria de educa\u00e7\u00e3o Severina Castro, vereadores, alunos e familiares, e v\u00e1rios profissionais de educa\u00e7\u00e3o do munic\u00edpio.<img decoding=\"async\" class=\"alignnone size-full wp-image-61570 lazyload\" data-src=\"http:\/\/caririemacao.com\/1\/wp-content\/uploads\/2018\/08\/DSC_0494.jpg\" alt=\"\" width=\"1024\" height=\"683\" data-srcset=\"https:\/\/www.caririemacao.com\/1\/wp-content\/uploads\/2018\/08\/DSC_0494.jpg 1024w, https:\/\/www.caririemacao.com\/1\/wp-content\/uploads\/2018\/08\/DSC_0494-300x200.jpg 300w, https:\/\/www.caririemacao.com\/1\/wp-content\/uploads\/2018\/08\/DSC_0494-768x512.jpg 768w\" data-sizes=\"(max-width: 1024px) 100vw, 1024px\" src=\"data:image\/svg+xml;base64,PHN2ZyB3aWR0aD0iMSIgaGVpZ2h0PSIxIiB4bWxucz0iaHR0cDovL3d3dy53My5vcmcvMjAwMC9zdmciPjwvc3ZnPg==\" style=\"--smush-placeholder-width: 1024px; --smush-placeholder-aspect-ratio: 1024\/683;\" \/><\/p>\n<p>&nbsp;<\/p>\n<p>O \u00e1pice do evento foi a aula inaugural do Curso Superior em Pedagogia e a apresenta\u00e7\u00e3o dos cursos do CEC.<\/p>\n<p><img decoding=\"async\" class=\"alignnone size-full wp-image-61567 lazyload\" data-src=\"http:\/\/caririemacao.com\/1\/wp-content\/uploads\/2018\/08\/DSC_0483.jpg\" alt=\"\" width=\"1024\" height=\"683\" data-srcset=\"https:\/\/www.caririemacao.com\/1\/wp-content\/uploads\/2018\/08\/DSC_0483.jpg 1024w, https:\/\/www.caririemacao.com\/1\/wp-content\/uploads\/2018\/08\/DSC_0483-300x200.jpg 300w, https:\/\/www.caririemacao.com\/1\/wp-content\/uploads\/2018\/08\/DSC_0483-768x512.jpg 768w\" data-sizes=\"(max-width: 1024px) 100vw, 1024px\" src=\"data:image\/svg+xml;base64,PHN2ZyB3aWR0aD0iMSIgaGVpZ2h0PSIxIiB4bWxucz0iaHR0cDovL3d3dy53My5vcmcvMjAwMC9zdmciPjwvc3ZnPg==\" style=\"--smush-placeholder-width: 1024px; --smush-placeholder-aspect-ratio: 1024\/683;\" \/><\/p>\n<p>Para o prefeito Antonio de Roque, a cidade de Jata\u00faba ganha com a chegada do Polo do CEC, pois vem fortalecer o ensino superior na cidade. \u201cEstamos mantendo o foco no desenvolvimento, trazendo universaliza\u00e7\u00e3o do acesso ao ensino superior para a popula\u00e7\u00e3o\u201d, enfatizou o prefeito.<\/p>\n<p><img decoding=\"async\" class=\"alignnone size-full wp-image-61568 lazyload\" data-src=\"http:\/\/caririemacao.com\/1\/wp-content\/uploads\/2018\/08\/DSC_0481.jpg\" alt=\"\" width=\"1024\" height=\"683\" data-srcset=\"https:\/\/www.caririemacao.com\/1\/wp-content\/uploads\/2018\/08\/DSC_0481.jpg 1024w, https:\/\/www.caririemacao.com\/1\/wp-content\/uploads\/2018\/08\/DSC_0481-300x200.jpg 300w, https:\/\/www.caririemacao.com\/1\/wp-content\/uploads\/2018\/08\/DSC_0481-768x512.jpg 768w\" data-sizes=\"(max-width: 1024px) 100vw, 1024px\" src=\"data:image\/svg+xml;base64,PHN2ZyB3aWR0aD0iMSIgaGVpZ2h0PSIxIiB4bWxucz0iaHR0cDovL3d3dy53My5vcmcvMjAwMC9zdmciPjwvc3ZnPg==\" style=\"--smush-placeholder-width: 1024px; --smush-placeholder-aspect-ratio: 1024\/683;\" \/> <img decoding=\"async\" class=\"alignnone size-full wp-image-61566 lazyload\" data-src=\"http:\/\/caririemacao.com\/1\/wp-content\/uploads\/2018\/08\/DSC_0490.jpg\" alt=\"\" width=\"1024\" height=\"683\" data-srcset=\"https:\/\/www.caririemacao.com\/1\/wp-content\/uploads\/2018\/08\/DSC_0490.jpg 1024w, https:\/\/www.caririemacao.com\/1\/wp-content\/uploads\/2018\/08\/DSC_0490-300x200.jpg 300w, https:\/\/www.caririemacao.com\/1\/wp-content\/uploads\/2018\/08\/DSC_0490-768x512.jpg 768w\" data-sizes=\"(max-width: 1024px) 100vw, 1024px\" src=\"data:image\/svg+xml;base64,PHN2ZyB3aWR0aD0iMSIgaGVpZ2h0PSIxIiB4bWxucz0iaHR0cDovL3d3dy53My5vcmcvMjAwMC9zdmciPjwvc3ZnPg==\" style=\"--smush-placeholder-width: 1024px; --smush-placeholder-aspect-ratio: 1024\/683;\" \/><\/p>\n<p><a href=\"https:\/\/www.facebook.com\/pg\/CaririEmAcao\/photos\/?tab=album&amp;album_id=1334616940007659\">VEJA MAIS FOTOS AQUI. CLIQUE NEST LINK.<\/a><\/p>\n","protected":false},"excerpt":{"rendered":"<p>A cidade de Jata\u00faba, localizada no agreste pernambucano, recebeu na noite desta ter\u00e7a-feira, dia 14, uma importante ferramenta que fortalecer\u00e1 mais ainda o ensino superior&hellip; <\/p>\n","protected":false},"author":2,"featured_media":61564,"comment_status":"closed","ping_status":"closed","sticky":false,"template":"","format":"standard","meta":{"sfsi_plus_gutenberg_text_before_share":"","sfsi_plus_gutenberg_show_text_before_share":"","sfsi_plus_gutenberg_icon_type":"","sfsi_plus_gutenberg_icon_alignemt":"","sfsi_plus_gutenburg_max_per_row":"","footnotes":""},"categories":[6],"tags":[],"class_list":["post-61563","post","type-post","status-publish","format-standard","has-post-thumbnail","hentry","category-cidades"],"_links":{"self":[{"href":"https:\/\/www.caririemacao.com\/1\/wp-json\/wp\/v2\/posts\/61563","targetHints":{"allow":["GET"]}}],"collection":[{"href":"https:\/\/www.caririemacao.com\/1\/wp-json\/wp\/v2\/posts"}],"about":[{"href":"https:\/\/www.caririemacao.com\/1\/wp-json\/wp\/v2\/types\/post"}],"author":[{"embeddable":true,"href":"https:\/\/www.caririemacao.com\/1\/wp-json\/wp\/v2\/users\/2"}],"replies":[{"embeddable":true,"href":"https:\/\/www.caririemacao.com\/1\/wp-json\/wp\/v2\/comments?post=61563"}],"version-history":[{"count":1,"href":"https:\/\/www.caririemacao.com\/1\/wp-json\/wp\/v2\/posts\/61563\/revisions"}],"predecessor-version":[{"id":61573,"href":"https:\/\/www.caririemacao.com\/1\/wp-json\/wp\/v2\/posts\/61563\/revisions\/61573"}],"wp:featuredmedia":[{"embeddable":true,"href":"https:\/\/www.caririemacao.com\/1\/wp-json\/wp\/v2\/media\/61564"}],"wp:attachment":[{"href":"https:\/\/www.caririemacao.com\/1\/wp-json\/wp\/v2\/media?parent=61563"}],"wp:term":[{"taxonomy":"category","embeddable":true,"href":"https:\/\/www.caririemacao.com\/1\/wp-json\/wp\/v2\/categories?post=61563"},{"taxonomy":"post_tag","embeddable":true,"href":"https:\/\/www.caririemacao.com\/1\/wp-json\/wp\/v2\/tags?post=61563"}],"curies":[{"name":"wp","href":"https:\/\/api.w.org\/{rel}","templated":true}]}}