{"id":61580,"date":"2018-08-15T11:56:54","date_gmt":"2018-08-15T14:56:54","guid":{"rendered":"http:\/\/caririemacao.com\/1\/?p=61580"},"modified":"2018-08-15T11:58:32","modified_gmt":"2018-08-15T14:58:32","slug":"ronaldo-queiroz-tem-contas-aprovadas-pelo-tce-2","status":"publish","type":"post","link":"https:\/\/www.caririemacao.com\/1\/2018\/08\/15\/ronaldo-queiroz-tem-contas-aprovadas-pelo-tce-2\/","title":{"rendered":"Ronaldo Queiroz tem contas aprovadas pelo TCE"},"content":{"rendered":"<p>As contas da Prefeitura de Gurj\u00e3o referente ao exerc\u00edcio financeiro de 2016 foram aprovadas pelo Tribunal de Contas da Para\u00edba, nesta quarta-feira, 15.<\/p>\n<p>Para o prefeito Ronaldo Queiroz, essa aprova\u00e7\u00e3o \u00e9 um reflexo do compromisso da equipe administrativa, que sempre se manteve firme e comprometida com a responsabilidade fiscal. Ele se mostrou satisfeito com a aprova\u00e7\u00e3o de suas contas.<\/p>\n<p>\u201cO momento na verdade \u00e9 de agradecimento. E dizer que esse sucesso na aprova\u00e7\u00e3o de nossas contas n\u00e3o \u00e9 do prefeito Ronaldo Queiroz, e sim, de todo um corpo que faz parte da administra\u00e7\u00e3o. Esse sucesso n\u00e3o \u00e9 meu, esse sucesso \u00e9 nosso, \u00e9 de todas as pessoas que fazem parte da administra\u00e7\u00e3o de Gurj\u00e3o,\u201d disse o prefeito.<\/p>\n","protected":false},"excerpt":{"rendered":"<p>As contas da Prefeitura de Gurj\u00e3o referente ao exerc\u00edcio financeiro de 2016 foram aprovadas pelo Tribunal de Contas da Para\u00edba, nesta quarta-feira, 15. Para o&hellip; <\/p>\n","protected":false},"author":2,"featured_media":48072,"comment_status":"closed","ping_status":"closed","sticky":false,"template":"","format":"standard","meta":{"sfsi_plus_gutenberg_text_before_share":"","sfsi_plus_gutenberg_show_text_before_share":"","sfsi_plus_gutenberg_icon_type":"","sfsi_plus_gutenberg_icon_alignemt":"","sfsi_plus_gutenburg_max_per_row":"","footnotes":""},"categories":[11],"tags":[],"class_list":["post-61580","post","type-post","status-publish","format-standard","has-post-thumbnail","hentry","category-politica"],"_links":{"self":[{"href":"https:\/\/www.caririemacao.com\/1\/wp-json\/wp\/v2\/posts\/61580","targetHints":{"allow":["GET"]}}],"collection":[{"href":"https:\/\/www.caririemacao.com\/1\/wp-json\/wp\/v2\/posts"}],"about":[{"href":"https:\/\/www.caririemacao.com\/1\/wp-json\/wp\/v2\/types\/post"}],"author":[{"embeddable":true,"href":"https:\/\/www.caririemacao.com\/1\/wp-json\/wp\/v2\/users\/2"}],"replies":[{"embeddable":true,"href":"https:\/\/www.caririemacao.com\/1\/wp-json\/wp\/v2\/comments?post=61580"}],"version-history":[{"count":1,"href":"https:\/\/www.caririemacao.com\/1\/wp-json\/wp\/v2\/posts\/61580\/revisions"}],"predecessor-version":[{"id":61581,"href":"https:\/\/www.caririemacao.com\/1\/wp-json\/wp\/v2\/posts\/61580\/revisions\/61581"}],"wp:featuredmedia":[{"embeddable":true,"href":"https:\/\/www.caririemacao.com\/1\/wp-json\/wp\/v2\/media\/48072"}],"wp:attachment":[{"href":"https:\/\/www.caririemacao.com\/1\/wp-json\/wp\/v2\/media?parent=61580"}],"wp:term":[{"taxonomy":"category","embeddable":true,"href":"https:\/\/www.caririemacao.com\/1\/wp-json\/wp\/v2\/categories?post=61580"},{"taxonomy":"post_tag","embeddable":true,"href":"https:\/\/www.caririemacao.com\/1\/wp-json\/wp\/v2\/tags?post=61580"}],"curies":[{"name":"wp","href":"https:\/\/api.w.org\/{rel}","templated":true}]}}