{"id":61582,"date":"2018-08-15T11:56:05","date_gmt":"2018-08-15T14:56:05","guid":{"rendered":"http:\/\/caririemacao.com\/1\/?p=61582"},"modified":"2018-08-15T11:56:05","modified_gmt":"2018-08-15T14:56:05","slug":"ex-prefeito-de-sao-jose-dos-cordeiros-tem-contas-aprovadas","status":"publish","type":"post","link":"https:\/\/www.caririemacao.com\/1\/2018\/08\/15\/ex-prefeito-de-sao-jose-dos-cordeiros-tem-contas-aprovadas\/","title":{"rendered":"Ex-prefeito de S\u00e3o Jos\u00e9 dos Cordeiros tem contas aprovadas"},"content":{"rendered":"<p>O Tribunal de Contas da Para\u00edba concluiu o c\u00edrculo de aprova\u00e7\u00e3o dos oito anos dos exerc\u00edcios financeiros 2009\/2016 como gestor do munic\u00edpio de S\u00e3o Jos\u00e9 dos Cordeiros, Fernando Queiroz.<\/p>\n<p>\u201cHoje vi ser conclu\u00eddo pelo Tribunal de Contas do Estado da Para\u00edba a aprecia\u00e7\u00e3o das minhas contas do meu \u00faltimo ano com Gestor de S\u00e3o Jos\u00e9 dos Cordeiros (2016) e gra\u00e7as a Deus foram por unanimidade aprovadas\u201d, comentou.<\/p>\n<p>Para Fernando, foram 08 (oito) anos zelando pela coisa p\u00fablica e buscando sempre a melhoria da qualidade de vida da popula\u00e7\u00e3o desta terra.<\/p>\n","protected":false},"excerpt":{"rendered":"<p>O Tribunal de Contas da Para\u00edba concluiu o c\u00edrculo de aprova\u00e7\u00e3o dos oito anos dos exerc\u00edcios financeiros 2009\/2016 como gestor do munic\u00edpio de S\u00e3o Jos\u00e9&hellip; <\/p>\n","protected":false},"author":2,"featured_media":61583,"comment_status":"closed","ping_status":"closed","sticky":false,"template":"","format":"standard","meta":{"sfsi_plus_gutenberg_text_before_share":"","sfsi_plus_gutenberg_show_text_before_share":"","sfsi_plus_gutenberg_icon_type":"","sfsi_plus_gutenberg_icon_alignemt":"","sfsi_plus_gutenburg_max_per_row":"","footnotes":""},"categories":[2],"tags":[],"class_list":["post-61582","post","type-post","status-publish","format-standard","has-post-thumbnail","hentry","category-geral"],"_links":{"self":[{"href":"https:\/\/www.caririemacao.com\/1\/wp-json\/wp\/v2\/posts\/61582","targetHints":{"allow":["GET"]}}],"collection":[{"href":"https:\/\/www.caririemacao.com\/1\/wp-json\/wp\/v2\/posts"}],"about":[{"href":"https:\/\/www.caririemacao.com\/1\/wp-json\/wp\/v2\/types\/post"}],"author":[{"embeddable":true,"href":"https:\/\/www.caririemacao.com\/1\/wp-json\/wp\/v2\/users\/2"}],"replies":[{"embeddable":true,"href":"https:\/\/www.caririemacao.com\/1\/wp-json\/wp\/v2\/comments?post=61582"}],"version-history":[{"count":2,"href":"https:\/\/www.caririemacao.com\/1\/wp-json\/wp\/v2\/posts\/61582\/revisions"}],"predecessor-version":[{"id":61585,"href":"https:\/\/www.caririemacao.com\/1\/wp-json\/wp\/v2\/posts\/61582\/revisions\/61585"}],"wp:featuredmedia":[{"embeddable":true,"href":"https:\/\/www.caririemacao.com\/1\/wp-json\/wp\/v2\/media\/61583"}],"wp:attachment":[{"href":"https:\/\/www.caririemacao.com\/1\/wp-json\/wp\/v2\/media?parent=61582"}],"wp:term":[{"taxonomy":"category","embeddable":true,"href":"https:\/\/www.caririemacao.com\/1\/wp-json\/wp\/v2\/categories?post=61582"},{"taxonomy":"post_tag","embeddable":true,"href":"https:\/\/www.caririemacao.com\/1\/wp-json\/wp\/v2\/tags?post=61582"}],"curies":[{"name":"wp","href":"https:\/\/api.w.org\/{rel}","templated":true}]}}