{"id":61591,"date":"2018-08-15T13:31:41","date_gmt":"2018-08-15T16:31:41","guid":{"rendered":"http:\/\/caririemacao.com\/1\/?p=61591"},"modified":"2018-08-15T13:31:41","modified_gmt":"2018-08-15T16:31:41","slug":"prefeito-de-sao-jose-do-egito-e-o-1o-no-pajeu-a-defender-gestao-de-paulo-camara-diz-assessoria","status":"publish","type":"post","link":"https:\/\/www.caririemacao.com\/1\/2018\/08\/15\/prefeito-de-sao-jose-do-egito-e-o-1o-no-pajeu-a-defender-gestao-de-paulo-camara-diz-assessoria\/","title":{"rendered":"Prefeito de S\u00e3o Jos\u00e9 do Egito \u00e9 o 1\u00ba no Paje\u00fa a defender Gest\u00e3o de Paulo C\u00e2mara, diz assessoria"},"content":{"rendered":"<div>O Prefeito de S\u00e3o Jos\u00e9 do Egito, Evandro Valadares (PSB), foi o primeiro Prefeito da regi\u00e3o do Paje\u00fa a iniciar a defesa da gest\u00e3o de Paulo C\u00e2mara (PSB), ap\u00f3s ataques sofridos pelo novo Coordenador da campanha do candidato Armando Monteiro (PTB), o ex Prefeito Z\u00e9 Marcos de Lima.<\/div>\n<div><\/div>\n<div>Ess semana o coordenador da campanha, Z\u00e9 Marcos, atrav\u00e9s da imprensa local atacou o governo do PSB, fato esse que tem gerado cr\u00edticas por parte da Frente Popular tendo em vista \u201cat\u00e9 ontem\u201d o ex-gordo ter sido governo.<\/div>\n<div><\/div>\n<div>Evandro, um dos l\u00edderes do PSB da regi\u00e3o, j\u00e1 distribuiu nota a imprensa hoje pela manh\u00e3 em defesa da Gest\u00e3o Paulo C\u00e2mara, fato esse que deve ser seguido por outros Prefeitos.<\/div>\n<div><b>\u00a0<\/b><\/div>\n<div><\/div>\n<div><b>Assessoria de Evandro Valadares\/Foto: Reprodu\u00e7\u00e3o\u00a0<\/b><\/div>\n<div>\n<p>Cariri Em A\u00e7\u00e3o<\/p>\n<p>Leia mais not\u00edcias em\u00a0<a href=\"http:\/\/www.caririemacao.com\/\">caririemacao.com<\/a>, siga nossa p\u00e1gina no\u00a0<a href=\"https:\/\/www.facebook.com\/CaririEmAcao\/?ref=aymt_homepage_panel\">Facebook<\/a>,\u00a0<a href=\"https:\/\/www.instagram.com\/cariri_em_acao\/?hl=pt-br\">Instagram<\/a>\u00a0e\u00a0<a href=\"https:\/\/www.youtube.com\/channel\/UCAptA0jQuYQy8vMhLt2m4qg\">Youtube<\/a>\u00a0e veja nossas mat\u00e9rias, v\u00eddeos e fotos. Voc\u00ea tamb\u00e9m pode enviar informa\u00e7\u00f5es \u00e0 Reda\u00e7\u00e3o do Portal Cariri em A\u00e7\u00e3o pelo WhatsApp (83) 9 9634.5791, (83) 9 9601-1162.<\/p>\n<\/div>\n","protected":false},"excerpt":{"rendered":"<p>O Prefeito de S\u00e3o Jos\u00e9 do Egito, Evandro Valadares (PSB), foi o primeiro Prefeito da regi\u00e3o do Paje\u00fa a iniciar a defesa da gest\u00e3o de&hellip; <\/p>\n","protected":false},"author":1,"featured_media":61592,"comment_status":"closed","ping_status":"closed","sticky":false,"template":"","format":"standard","meta":{"sfsi_plus_gutenberg_text_before_share":"","sfsi_plus_gutenberg_show_text_before_share":"","sfsi_plus_gutenberg_icon_type":"","sfsi_plus_gutenberg_icon_alignemt":"","sfsi_plus_gutenburg_max_per_row":"","footnotes":""},"categories":[11],"tags":[],"class_list":["post-61591","post","type-post","status-publish","format-standard","has-post-thumbnail","hentry","category-politica"],"_links":{"self":[{"href":"https:\/\/www.caririemacao.com\/1\/wp-json\/wp\/v2\/posts\/61591","targetHints":{"allow":["GET"]}}],"collection":[{"href":"https:\/\/www.caririemacao.com\/1\/wp-json\/wp\/v2\/posts"}],"about":[{"href":"https:\/\/www.caririemacao.com\/1\/wp-json\/wp\/v2\/types\/post"}],"author":[{"embeddable":true,"href":"https:\/\/www.caririemacao.com\/1\/wp-json\/wp\/v2\/users\/1"}],"replies":[{"embeddable":true,"href":"https:\/\/www.caririemacao.com\/1\/wp-json\/wp\/v2\/comments?post=61591"}],"version-history":[{"count":1,"href":"https:\/\/www.caririemacao.com\/1\/wp-json\/wp\/v2\/posts\/61591\/revisions"}],"predecessor-version":[{"id":61593,"href":"https:\/\/www.caririemacao.com\/1\/wp-json\/wp\/v2\/posts\/61591\/revisions\/61593"}],"wp:featuredmedia":[{"embeddable":true,"href":"https:\/\/www.caririemacao.com\/1\/wp-json\/wp\/v2\/media\/61592"}],"wp:attachment":[{"href":"https:\/\/www.caririemacao.com\/1\/wp-json\/wp\/v2\/media?parent=61591"}],"wp:term":[{"taxonomy":"category","embeddable":true,"href":"https:\/\/www.caririemacao.com\/1\/wp-json\/wp\/v2\/categories?post=61591"},{"taxonomy":"post_tag","embeddable":true,"href":"https:\/\/www.caririemacao.com\/1\/wp-json\/wp\/v2\/tags?post=61591"}],"curies":[{"name":"wp","href":"https:\/\/api.w.org\/{rel}","templated":true}]}}