{"id":61594,"date":"2018-08-15T13:37:12","date_gmt":"2018-08-15T16:37:12","guid":{"rendered":"http:\/\/caririemacao.com\/1\/?p=61594"},"modified":"2018-08-15T13:37:12","modified_gmt":"2018-08-15T16:37:12","slug":"secretaria-de-saude-de-sume-realiza-mutirao-de-ultrassonografia-obstetrica-2","status":"publish","type":"post","link":"https:\/\/www.caririemacao.com\/1\/2018\/08\/15\/secretaria-de-saude-de-sume-realiza-mutirao-de-ultrassonografia-obstetrica-2\/","title":{"rendered":"Secretaria de Sa\u00fade de Sum\u00e9 realiza mutir\u00e3o de ultrassonografia obst\u00e9trica"},"content":{"rendered":"<p>A Prefeitura de Sum\u00e9 atrav\u00e9s da Secretaria Municipal de Sa\u00fade realizou no \u00faltimo s\u00e1bado (11\/08) mais um mutir\u00e3o de ultrassonografia obst\u00e9trica. Os atendimentos aconteceram no Hospital e Maternidade Alice de Almeida.<\/p>\n<p>Os exames foram conduzidos pelo m\u00e9dico Leonardo Trajano, sendo disponibilizadas 50 vagas para os procedimentos.<\/p>\n<p>Nos \u00faltimos dois meses a gest\u00e3o do munic\u00edpio ofertou a popula\u00e7\u00e3o 180 vagas para exames de ultrassonografia, sendo 80 atrav\u00e9s do Cons\u00f3rcio Intermunicipal de Sa\u00fade (Cisco) e 100 procedimentos realizados pela Prefeitura Municipal.<\/p>\n<p>A realiza\u00e7\u00e3o da ultrassonografia durante a gravidez \u00e9 muito importante para a obten\u00e7\u00e3o de informa\u00e7\u00f5es sobre a sa\u00fade do beb\u00ea, al\u00e9m de fornecer as informa\u00e7\u00f5es necess\u00e1rias para o acompanhamento seguro da gesta\u00e7\u00e3o.<\/p>\n<p>De acordo com a secret\u00e1ria de Sa\u00fade do munic\u00edpio, Alessandra Regina, com a realiza\u00e7\u00e3o dos mutir\u00f5es a demanda de usu\u00e1rios que esperavam pela ultrassonografia diminuiu consideravelmente: \u201cNossa gest\u00e3o est\u00e1 preocupada em disponibilizar a popula\u00e7\u00e3o servi\u00e7os de qualidade, objetivando acabar com a espera para a realiza\u00e7\u00e3o dos procedimentos\u201d, destacou Alessandra.<\/p>\n<p>&nbsp;<\/p>\n<p><strong>Vitrine do Cariri\/Foto: Reprodu\u00e7\u00e3o\u00a0<\/strong><\/p>\n<div class=\"content-block\">Cariri Em A\u00e7\u00e3o<\/div>\n<div class=\"content-block\">Leia mais not\u00edcias em\u00a0<a href=\"http:\/\/www.caririemacao.com\/\">caririemacao.com<\/a>, siga nossa p\u00e1gina no\u00a0<a href=\"https:\/\/www.facebook.com\/CaririEmAcao\/?ref=aymt_homepage_panel\">Facebook<\/a>,\u00a0<a href=\"https:\/\/www.instagram.com\/cariri_em_acao\/?hl=pt-br\">Instagram<\/a>\u00a0e\u00a0<a href=\"https:\/\/www.youtube.com\/channel\/UCAptA0jQuYQy8vMhLt2m4qg\">Youtube<\/a>\u00a0e veja nossas mat\u00e9rias, v\u00eddeos e fotos. Voc\u00ea tamb\u00e9m pode enviar informa\u00e7\u00f5es \u00e0 Reda\u00e7\u00e3o do Portal Cariri em A\u00e7\u00e3o pelo WhatsApp (83) 9 9634.5791, (83) 9 9601-1162.<\/div>\n","protected":false},"excerpt":{"rendered":"<p>A Prefeitura de Sum\u00e9 atrav\u00e9s da Secretaria Municipal de Sa\u00fade realizou no \u00faltimo s\u00e1bado (11\/08) mais um mutir\u00e3o de ultrassonografia obst\u00e9trica. Os atendimentos aconteceram no&hellip; <\/p>\n","protected":false},"author":1,"featured_media":61595,"comment_status":"closed","ping_status":"closed","sticky":false,"template":"","format":"standard","meta":{"sfsi_plus_gutenberg_text_before_share":"","sfsi_plus_gutenberg_show_text_before_share":"","sfsi_plus_gutenberg_icon_type":"","sfsi_plus_gutenberg_icon_alignemt":"","sfsi_plus_gutenburg_max_per_row":"","footnotes":""},"categories":[16],"tags":[],"class_list":["post-61594","post","type-post","status-publish","format-standard","has-post-thumbnail","hentry","category-saude"],"_links":{"self":[{"href":"https:\/\/www.caririemacao.com\/1\/wp-json\/wp\/v2\/posts\/61594","targetHints":{"allow":["GET"]}}],"collection":[{"href":"https:\/\/www.caririemacao.com\/1\/wp-json\/wp\/v2\/posts"}],"about":[{"href":"https:\/\/www.caririemacao.com\/1\/wp-json\/wp\/v2\/types\/post"}],"author":[{"embeddable":true,"href":"https:\/\/www.caririemacao.com\/1\/wp-json\/wp\/v2\/users\/1"}],"replies":[{"embeddable":true,"href":"https:\/\/www.caririemacao.com\/1\/wp-json\/wp\/v2\/comments?post=61594"}],"version-history":[{"count":1,"href":"https:\/\/www.caririemacao.com\/1\/wp-json\/wp\/v2\/posts\/61594\/revisions"}],"predecessor-version":[{"id":61596,"href":"https:\/\/www.caririemacao.com\/1\/wp-json\/wp\/v2\/posts\/61594\/revisions\/61596"}],"wp:featuredmedia":[{"embeddable":true,"href":"https:\/\/www.caririemacao.com\/1\/wp-json\/wp\/v2\/media\/61595"}],"wp:attachment":[{"href":"https:\/\/www.caririemacao.com\/1\/wp-json\/wp\/v2\/media?parent=61594"}],"wp:term":[{"taxonomy":"category","embeddable":true,"href":"https:\/\/www.caririemacao.com\/1\/wp-json\/wp\/v2\/categories?post=61594"},{"taxonomy":"post_tag","embeddable":true,"href":"https:\/\/www.caririemacao.com\/1\/wp-json\/wp\/v2\/tags?post=61594"}],"curies":[{"name":"wp","href":"https:\/\/api.w.org\/{rel}","templated":true}]}}