{"id":61607,"date":"2018-08-15T15:17:10","date_gmt":"2018-08-15T18:17:10","guid":{"rendered":"http:\/\/caririemacao.com\/1\/?p=61607"},"modified":"2018-08-15T15:17:10","modified_gmt":"2018-08-15T18:17:10","slug":"veja-a-intencao-de-votos-para-lula-quando-mostrado-como-candidato","status":"publish","type":"post","link":"https:\/\/www.caririemacao.com\/1\/2018\/08\/15\/veja-a-intencao-de-votos-para-lula-quando-mostrado-como-candidato\/","title":{"rendered":"Veja a inten\u00e7\u00e3o de votos para Lula, quando mostrado como candidato"},"content":{"rendered":"<p>O ex-presidente Lula (PT) permanece em 1\u00ba lugar nas pesquisas eleitorais para a Presid\u00eancia da Rep\u00fablica, quando seu nome \u00e9 inclu\u00eddo nos levantamentos.<\/p>\n<p>A pesquisa divulgada pela Paran\u00e1 Pesquisas nesta quarta-feira mostra que Lula tem 30,8% das inten\u00e7\u00f5es de voto, seguido pelo presidenci\u00e1vel Jair Bolsonaro, do PSL, com 22%.<\/p>\n<p>No cen\u00e1rio com a presen\u00e7a de Lula na disputa, Marina Silva (Rede) tem 8,1% das prefer\u00eancias, Geraldo Alckmin (PSDB) 6,6%, Ciro Gomes (PDT) 5,9% e \u00c1lvaro Dias (Podemos) tem 4%.<\/p>\n<p>A Paran\u00e1 Pesquisas ouviu 2.002 eleitores em 26 Estados e no Distrito Federal, entre os dias 9 e 13 de agosto.<\/p>\n<p>A margem de erro \u00e9 de dois pontos percentuais.<\/p>\n<p>A pesquisa est\u00e1 registrada no TSE sob o n\u00ba BR-02891\/2018.<\/p>\n<p>&nbsp;<\/p>\n<p><strong>PARA\u00cdBA ONLINE\/Foto: Reprodu\u00e7\u00e3o <\/strong><\/p>\n<div class=\"content-block\">Cariri Em A\u00e7\u00e3o<\/div>\n<div class=\"content-block\">Leia mais not\u00edcias em\u00a0<a href=\"http:\/\/www.caririemacao.com\/\">caririemacao.com<\/a>, siga nossa p\u00e1gina no\u00a0<a href=\"https:\/\/www.facebook.com\/CaririEmAcao\/?ref=aymt_homepage_panel\">Facebook<\/a>,\u00a0<a href=\"https:\/\/www.instagram.com\/cariri_em_acao\/?hl=pt-br\">Instagram<\/a>\u00a0e\u00a0<a href=\"https:\/\/www.youtube.com\/channel\/UCAptA0jQuYQy8vMhLt2m4qg\">Youtube<\/a>\u00a0e veja nossas mat\u00e9rias, v\u00eddeos e fotos. Voc\u00ea tamb\u00e9m pode enviar informa\u00e7\u00f5es \u00e0 Reda\u00e7\u00e3o do Portal Cariri em A\u00e7\u00e3o pelo WhatsApp (83) 9 9634.5791, (83) 9 9601-1162.<\/div>\n","protected":false},"excerpt":{"rendered":"<p>O ex-presidente Lula (PT) permanece em 1\u00ba lugar nas pesquisas eleitorais para a Presid\u00eancia da Rep\u00fablica, quando seu nome \u00e9 inclu\u00eddo nos levantamentos. A pesquisa&hellip; <\/p>\n","protected":false},"author":1,"featured_media":60182,"comment_status":"closed","ping_status":"closed","sticky":false,"template":"","format":"standard","meta":{"sfsi_plus_gutenberg_text_before_share":"","sfsi_plus_gutenberg_show_text_before_share":"","sfsi_plus_gutenberg_icon_type":"","sfsi_plus_gutenberg_icon_alignemt":"","sfsi_plus_gutenburg_max_per_row":"","footnotes":""},"categories":[1],"tags":[],"class_list":["post-61607","post","type-post","status-publish","format-standard","has-post-thumbnail","hentry","category-o-site"],"_links":{"self":[{"href":"https:\/\/www.caririemacao.com\/1\/wp-json\/wp\/v2\/posts\/61607","targetHints":{"allow":["GET"]}}],"collection":[{"href":"https:\/\/www.caririemacao.com\/1\/wp-json\/wp\/v2\/posts"}],"about":[{"href":"https:\/\/www.caririemacao.com\/1\/wp-json\/wp\/v2\/types\/post"}],"author":[{"embeddable":true,"href":"https:\/\/www.caririemacao.com\/1\/wp-json\/wp\/v2\/users\/1"}],"replies":[{"embeddable":true,"href":"https:\/\/www.caririemacao.com\/1\/wp-json\/wp\/v2\/comments?post=61607"}],"version-history":[{"count":1,"href":"https:\/\/www.caririemacao.com\/1\/wp-json\/wp\/v2\/posts\/61607\/revisions"}],"predecessor-version":[{"id":61608,"href":"https:\/\/www.caririemacao.com\/1\/wp-json\/wp\/v2\/posts\/61607\/revisions\/61608"}],"wp:featuredmedia":[{"embeddable":true,"href":"https:\/\/www.caririemacao.com\/1\/wp-json\/wp\/v2\/media\/60182"}],"wp:attachment":[{"href":"https:\/\/www.caririemacao.com\/1\/wp-json\/wp\/v2\/media?parent=61607"}],"wp:term":[{"taxonomy":"category","embeddable":true,"href":"https:\/\/www.caririemacao.com\/1\/wp-json\/wp\/v2\/categories?post=61607"},{"taxonomy":"post_tag","embeddable":true,"href":"https:\/\/www.caririemacao.com\/1\/wp-json\/wp\/v2\/tags?post=61607"}],"curies":[{"name":"wp","href":"https:\/\/api.w.org\/{rel}","templated":true}]}}