{"id":61609,"date":"2018-08-15T15:20:51","date_gmt":"2018-08-15T18:20:51","guid":{"rendered":"http:\/\/caririemacao.com\/1\/?p=61609"},"modified":"2018-08-15T15:20:51","modified_gmt":"2018-08-15T18:20:51","slug":"prefeito-de-mogeiro-e-mais-seis-vereadores-aderem-a-candidatura-de-joao-ao-governo-da-paraiba","status":"publish","type":"post","link":"https:\/\/www.caririemacao.com\/1\/2018\/08\/15\/prefeito-de-mogeiro-e-mais-seis-vereadores-aderem-a-candidatura-de-joao-ao-governo-da-paraiba\/","title":{"rendered":"Prefeito de Mogeiro e mais seis vereadores aderem \u00e0 candidatura de Jo\u00e3o ao Governo da Para\u00edba"},"content":{"rendered":"<p><img fetchpriority=\"high\" decoding=\"async\" class=\"attachment-single_thumb size-single_thumb wp-post-image\" src=\"http:\/\/www.blogdobrunolira.com.br\/wp-content\/uploads\/2018\/08\/IMG-20180815-WA0211-740x414.jpg\" sizes=\"(max-width: 740px) 100vw, 740px\" srcset=\"http:\/\/www.blogdobrunolira.com.br\/wp-content\/uploads\/2018\/08\/IMG-20180815-WA0211-740x414.jpg 740w, http:\/\/www.blogdobrunolira.com.br\/wp-content\/uploads\/2018\/08\/IMG-20180815-WA0211-355x199.jpg 355w\" alt=\"\" width=\"740\" height=\"414\" data-attachment-id=\"2480\" data-permalink=\"http:\/\/www.blogdobrunolira.com.br\/2018\/08\/prefeito-de-mogeiro-e-mais-seis-vereadores-aderem-a-candidatura-de-joao-ao-governo-da-paraiba\/img-20180815-wa0211\/\" data-orig-file=\"http:\/\/www.blogdobrunolira.com.br\/wp-content\/uploads\/2018\/08\/IMG-20180815-WA0211.jpg\" data-orig-size=\"1600,1066\" data-comments-opened=\"1\" data-image-meta=\"{&quot;aperture&quot;:&quot;0&quot;,&quot;credit&quot;:&quot;&quot;,&quot;camera&quot;:&quot;&quot;,&quot;caption&quot;:&quot;&quot;,&quot;created_timestamp&quot;:&quot;0&quot;,&quot;copyright&quot;:&quot;&quot;,&quot;focal_length&quot;:&quot;0&quot;,&quot;iso&quot;:&quot;0&quot;,&quot;shutter_speed&quot;:&quot;0&quot;,&quot;title&quot;:&quot;&quot;,&quot;orientation&quot;:&quot;0&quot;}\" data-image-title=\"IMG-20180815-WA0211\" data-image-description=\"\" data-medium-file=\"http:\/\/www.blogdobrunolira.com.br\/wp-content\/uploads\/2018\/08\/IMG-20180815-WA0211-300x200.jpg\" data-large-file=\"http:\/\/www.blogdobrunolira.com.br\/wp-content\/uploads\/2018\/08\/IMG-20180815-WA0211-1024x682.jpg\" \/><\/p>\n<p>O prefeito de Mogeiro, Alberto Ferreira (PR), declarou apoio \u00e0 candidatura de Jo\u00e3o Azev\u00eado (PSB) ao Governo da Para\u00edba. Al\u00e9m dele, o ex-prefeito de Salgado de S\u00e3o Felix, Adaurio Almeida, mais os vereadores Biu de D\u00e3o (PR), presidente da C\u00e2mara Municipal, Jos\u00e9 M\u00e1rio (PR), Z\u00e9 de Taciana (PR), Airton Davi (PP), Jos\u00e9 Paulo, Mimi (PSL) e Beto Acar\u00e1 (PMN), foram recebidos pelo socialista, na manh\u00e3 desta quarta-feira (15), em Jo\u00e3o Pessoa.<\/p>\n<p>Jo\u00e3o destacou que est\u00e1 honrado em receber o apoio do prefeito Alberto Ferreira e das lideran\u00e7as que integram o seu grupo pol\u00edtico em Mogeiro. De acordo com o prefeito, essa \u00e9 uma decis\u00e3o que vem sendo constru\u00edda pelo seu agrupamento nos \u00faltimos dias, olhando os interesses do munic\u00edpio e do povo de Mogeiro.<\/p>\n<p>\u201cJo\u00e3o representa o novo, \u00e9 um homem de palavra e que conhece detalhadamente cada obra e cada projeto em benef\u00edcio do nosso povo. Jo\u00e3o tem credibilidade quando se compromete a tocar as obras e as a\u00e7\u00f5es nos munic\u00edpios. \u00c9, sem d\u00favida, o melhor para a Para\u00edba\u201d, afirmou.<\/p>\n<p>J\u00e1 o prefeito Alberto Ferreira destacou que Jo\u00e3o foi determinante para a realiza\u00e7\u00e3o de obras em sua regi\u00e3o regi\u00e3o e para o encaminhamento de diversas demandas, como a ponte do loteamento Maria Peixoto, que est\u00e1 sendo licitada. Ele citou, ainda, a instala\u00e7\u00e3o de po\u00e7os e melhoria das escolas. \u201cIsso \u00e9 o que traz melhoria da qualidade de vida para o nosso povo e desenvolvimento para o munic\u00edpio\u201d, pontuou.<\/p>\n<p>O prefeito de Mogeiro tamb\u00e9m ressaltou a import\u00e2ncia da constru\u00e7\u00e3o do canal Acau\u00e3- Ara\u00e7agi e lembrou que, desde o in\u00edcio, a obra tem gerado milhares de empregos e mais arrecada\u00e7\u00e3o de Imposto sobre Servi\u00e7o (ISS) para seu munic\u00edpio. \u201cCom a conclus\u00e3o do canal, temos a certeza que a agricultura em Mogeiro e em toda a regi\u00e3o do Vale do Para\u00edba vai se desenvolver ainda mais, gerando, cada vez mais, emprego e renda\u201d, disse.<\/p>\n<p>&nbsp;<\/p>\n<p><strong>Bruno Lira\/Foto: Reprodu\u00e7\u00e3o\u00a0<\/strong><\/p>\n<div class=\"content-block\">Cariri Em A\u00e7\u00e3o<\/div>\n<div class=\"content-block\">Leia mais not\u00edcias em\u00a0<a href=\"http:\/\/www.caririemacao.com\/\">caririemacao.com<\/a>, siga nossa p\u00e1gina no\u00a0<a href=\"https:\/\/www.facebook.com\/CaririEmAcao\/?ref=aymt_homepage_panel\">Facebook<\/a>,\u00a0<a href=\"https:\/\/www.instagram.com\/cariri_em_acao\/?hl=pt-br\">Instagram<\/a>\u00a0e\u00a0<a href=\"https:\/\/www.youtube.com\/channel\/UCAptA0jQuYQy8vMhLt2m4qg\">Youtube<\/a>\u00a0e veja nossas mat\u00e9rias, v\u00eddeos e fotos. Voc\u00ea tamb\u00e9m pode enviar informa\u00e7\u00f5es \u00e0 Reda\u00e7\u00e3o do Portal Cariri em A\u00e7\u00e3o pelo WhatsApp (83) 9 9634.5791, (83) 9 9601-1162.<\/div>\n","protected":false},"excerpt":{"rendered":"<p>O prefeito de Mogeiro, Alberto Ferreira (PR), declarou apoio \u00e0 candidatura de Jo\u00e3o Azev\u00eado (PSB) ao Governo da Para\u00edba. Al\u00e9m dele, o ex-prefeito de Salgado&hellip; <\/p>\n","protected":false},"author":1,"featured_media":61610,"comment_status":"closed","ping_status":"closed","sticky":false,"template":"","format":"standard","meta":{"sfsi_plus_gutenberg_text_before_share":"","sfsi_plus_gutenberg_show_text_before_share":"","sfsi_plus_gutenberg_icon_type":"","sfsi_plus_gutenberg_icon_alignemt":"","sfsi_plus_gutenburg_max_per_row":"","footnotes":""},"categories":[1],"tags":[],"class_list":["post-61609","post","type-post","status-publish","format-standard","has-post-thumbnail","hentry","category-o-site"],"_links":{"self":[{"href":"https:\/\/www.caririemacao.com\/1\/wp-json\/wp\/v2\/posts\/61609","targetHints":{"allow":["GET"]}}],"collection":[{"href":"https:\/\/www.caririemacao.com\/1\/wp-json\/wp\/v2\/posts"}],"about":[{"href":"https:\/\/www.caririemacao.com\/1\/wp-json\/wp\/v2\/types\/post"}],"author":[{"embeddable":true,"href":"https:\/\/www.caririemacao.com\/1\/wp-json\/wp\/v2\/users\/1"}],"replies":[{"embeddable":true,"href":"https:\/\/www.caririemacao.com\/1\/wp-json\/wp\/v2\/comments?post=61609"}],"version-history":[{"count":1,"href":"https:\/\/www.caririemacao.com\/1\/wp-json\/wp\/v2\/posts\/61609\/revisions"}],"predecessor-version":[{"id":61611,"href":"https:\/\/www.caririemacao.com\/1\/wp-json\/wp\/v2\/posts\/61609\/revisions\/61611"}],"wp:featuredmedia":[{"embeddable":true,"href":"https:\/\/www.caririemacao.com\/1\/wp-json\/wp\/v2\/media\/61610"}],"wp:attachment":[{"href":"https:\/\/www.caririemacao.com\/1\/wp-json\/wp\/v2\/media?parent=61609"}],"wp:term":[{"taxonomy":"category","embeddable":true,"href":"https:\/\/www.caririemacao.com\/1\/wp-json\/wp\/v2\/categories?post=61609"},{"taxonomy":"post_tag","embeddable":true,"href":"https:\/\/www.caririemacao.com\/1\/wp-json\/wp\/v2\/tags?post=61609"}],"curies":[{"name":"wp","href":"https:\/\/api.w.org\/{rel}","templated":true}]}}