{"id":61613,"date":"2018-08-15T15:31:59","date_gmt":"2018-08-15T18:31:59","guid":{"rendered":"http:\/\/caririemacao.com\/1\/?p=61613"},"modified":"2018-08-15T15:31:59","modified_gmt":"2018-08-15T18:31:59","slug":"para-evitar-exploracao-eleitoral-moro-remarca-interrogatorio-de-lula","status":"publish","type":"post","link":"https:\/\/www.caririemacao.com\/1\/2018\/08\/15\/para-evitar-exploracao-eleitoral-moro-remarca-interrogatorio-de-lula\/","title":{"rendered":"Para evitar \u2018explora\u00e7\u00e3o eleitoral\u2019, Moro remarca interrogat\u00f3rio de Lula"},"content":{"rendered":"<p>O juiz Sergio Moro remarcou para o dia 14 de novembro o interrogat\u00f3rio do ex-presidente Luiz In\u00e1cio Lula da Silva (PT) na a\u00e7\u00e3o que envolve o s\u00edtio em Atibaia (SP).<\/p>\n<p>Em despacho publicado na manh\u00e3 desta quarta-feira (15), o magistrado afirmou que o objetivo \u00e9 \u201cevitar a explora\u00e7\u00e3o eleitoral dos interrogat\u00f3rios\u201d.<\/p>\n<p>Com ato em Bras\u00edlia, o PT registra nesta quarta a candidatura de Lula \u00e0 Presid\u00eancia.<\/p>\n<p>Inicialmente, o interrogat\u00f3rio de Lula, acusado pelo Minist\u00e9rio P\u00fablico de beneficiar-se de reformas no s\u00edtio custeadas pela Odebrecht e OAS, estava marcado para o dia 11 de setembro, antes do primeiro turno das elei\u00e7\u00f5es.<\/p>\n<p>\u201cUm dos acusados foi condenado por corrup\u00e7\u00e3o e lavagem (\u2026) e encontra-se preso por ordem do Egr\u00e9gio Tribunal Regional Federal da 4\u00aa Regi\u00e3o, tendo a medida sido mantida pelos Tribunais Superiores. Apesar disso, o acusado apresenta-se como candidato \u00e0 Presid\u00eancia da Rep\u00fablica. Caber\u00e1 ao Egr\u00e9gio Tribunal Superior Eleitoral decidir a respeito\u201d, escreveu Moro no despacho.<\/p>\n<p>O juiz tamb\u00e9m mudou a data dos demais interrogat\u00f3rios, que come\u00e7ariam no pr\u00f3ximo dia 27 de agosto. Agora, todos ter\u00e3o in\u00edcio em novembro. Tamb\u00e9m falar\u00e3o a Moro, entre outros, Marcelo Odebrecht, L\u00e9o Pinheiro, Roberto Teixeira e Jos\u00e9 Carlos Bumlai.<\/p>\n<p>O interrogat\u00f3rio \u00e9 a \u00faltima fase da instru\u00e7\u00e3o processual penal.<\/p>\n<p>Esta a\u00e7\u00e3o investiga se Lula se beneficiou de R$ 1,02 milh\u00e3o em benfeitorias no s\u00edtio de Atibaia (SP), que teriam sido pagas pelas construtoras Odebrecht e OAS. O Minist\u00e9rio P\u00fablico Federal acusa o petista de ser o verdadeiro dono do im\u00f3vel, registrado no nome dos empres\u00e1rios Fernando Bittar e Jonas Suassuna. O ex-presidente nega todas as acusa\u00e7\u00f5es.<\/p>\n<p>&nbsp;<\/p>\n<p><strong>Para\u00edba Online\/Foto: Reprodu\u00e7\u00e3o\u00a0<\/strong><\/p>\n<div class=\"content-block\">Cariri Em A\u00e7\u00e3o<\/div>\n<div class=\"content-block\">Leia mais not\u00edcias em\u00a0<a href=\"http:\/\/www.caririemacao.com\/\">caririemacao.com<\/a>, siga nossa p\u00e1gina no\u00a0<a href=\"https:\/\/www.facebook.com\/CaririEmAcao\/?ref=aymt_homepage_panel\">Facebook<\/a>,\u00a0<a href=\"https:\/\/www.instagram.com\/cariri_em_acao\/?hl=pt-br\">Instagram<\/a>\u00a0e\u00a0<a href=\"https:\/\/www.youtube.com\/channel\/UCAptA0jQuYQy8vMhLt2m4qg\">Youtube<\/a>\u00a0e veja nossas mat\u00e9rias, v\u00eddeos e fotos. Voc\u00ea tamb\u00e9m pode enviar informa\u00e7\u00f5es \u00e0 Reda\u00e7\u00e3o do Portal Cariri em A\u00e7\u00e3o pelo WhatsApp (83) 9 9634.5791, (83) 9 9601-1162.<\/div>\n","protected":false},"excerpt":{"rendered":"<p>O juiz Sergio Moro remarcou para o dia 14 de novembro o interrogat\u00f3rio do ex-presidente Luiz In\u00e1cio Lula da Silva (PT) na a\u00e7\u00e3o que envolve&hellip; <\/p>\n","protected":false},"author":1,"featured_media":988,"comment_status":"closed","ping_status":"closed","sticky":false,"template":"","format":"standard","meta":{"sfsi_plus_gutenberg_text_before_share":"","sfsi_plus_gutenberg_show_text_before_share":"","sfsi_plus_gutenberg_icon_type":"","sfsi_plus_gutenberg_icon_alignemt":"","sfsi_plus_gutenburg_max_per_row":"","footnotes":""},"categories":[11],"tags":[],"class_list":["post-61613","post","type-post","status-publish","format-standard","has-post-thumbnail","hentry","category-politica"],"_links":{"self":[{"href":"https:\/\/www.caririemacao.com\/1\/wp-json\/wp\/v2\/posts\/61613","targetHints":{"allow":["GET"]}}],"collection":[{"href":"https:\/\/www.caririemacao.com\/1\/wp-json\/wp\/v2\/posts"}],"about":[{"href":"https:\/\/www.caririemacao.com\/1\/wp-json\/wp\/v2\/types\/post"}],"author":[{"embeddable":true,"href":"https:\/\/www.caririemacao.com\/1\/wp-json\/wp\/v2\/users\/1"}],"replies":[{"embeddable":true,"href":"https:\/\/www.caririemacao.com\/1\/wp-json\/wp\/v2\/comments?post=61613"}],"version-history":[{"count":1,"href":"https:\/\/www.caririemacao.com\/1\/wp-json\/wp\/v2\/posts\/61613\/revisions"}],"predecessor-version":[{"id":61614,"href":"https:\/\/www.caririemacao.com\/1\/wp-json\/wp\/v2\/posts\/61613\/revisions\/61614"}],"wp:featuredmedia":[{"embeddable":true,"href":"https:\/\/www.caririemacao.com\/1\/wp-json\/wp\/v2\/media\/988"}],"wp:attachment":[{"href":"https:\/\/www.caririemacao.com\/1\/wp-json\/wp\/v2\/media?parent=61613"}],"wp:term":[{"taxonomy":"category","embeddable":true,"href":"https:\/\/www.caririemacao.com\/1\/wp-json\/wp\/v2\/categories?post=61613"},{"taxonomy":"post_tag","embeddable":true,"href":"https:\/\/www.caririemacao.com\/1\/wp-json\/wp\/v2\/tags?post=61613"}],"curies":[{"name":"wp","href":"https:\/\/api.w.org\/{rel}","templated":true}]}}