{"id":61622,"date":"2018-08-15T17:09:56","date_gmt":"2018-08-15T20:09:56","guid":{"rendered":"http:\/\/caririemacao.com\/1\/?p=61622"},"modified":"2018-08-15T17:09:56","modified_gmt":"2018-08-15T20:09:56","slug":"professor-do-cariri-que-agrediu-a-propria-mae-e-preso-por-descumprir-medida-provisoria","status":"publish","type":"post","link":"https:\/\/www.caririemacao.com\/1\/2018\/08\/15\/professor-do-cariri-que-agrediu-a-propria-mae-e-preso-por-descumprir-medida-provisoria\/","title":{"rendered":"Professor do Cariri que agrediu a pr\u00f3pria m\u00e3e \u00e9 preso por descumprir medida provis\u00f3ria"},"content":{"rendered":"<p>O professor Francisco Cosme Medeiros J\u00fanior foi preso por descumprir a medida protetiva pedida pela pr\u00f3pria m\u00e3e, na cidade de Santo Andr\u00e9, no Cariri da Para\u00edba. De acordo com o delegado Gilson Teles, o docente j\u00e1 havia sido detido anteriormente por amea\u00e7ar a sua ex-esposa e agredir a pr\u00f3pria m\u00e3e com uma pancada na testa.<\/p>\n<p>\u201cPor ele ter amea\u00e7ado a esposa, foi concedida uma medida protetiva para ela. Por\u00e9m, na audi\u00eancia, a v\u00edtima se retratou e o feito foi extinto. Meses depois, ele voltou a amea\u00e7ar a mulher e novamente foi decretada a medida protetiva. Pouco tempo depois ele agrediu a sua genitora de 80 anos, que apresentou uma les\u00e3o na testa\u201d, explicou o delegado.<\/p>\n<p>O homem foi preso novamente nessa ter\u00e7a-feira (14) quando rondava a resid\u00eancia que a sua m\u00e3e estava escondida, j\u00e1 por medo de encontr\u00e1-lo. \u201cA m\u00e3e, ao saber que o filho estava solto, foi para casa de vizinhos por medo dele voltar. Ela ficava assustada todos os dias com medo do filho aparecer\u201d, revelou Gilson.<\/p>\n<p>Familiares tomaram conhecimento do que estava acontecendo e foram buscar a idosa. Ela foi levada para Jo\u00e3o Pessoa, na capital do estado. Ap\u00f3s serem comunicados da quebra da medida protetiva, os policiais foram em busca do suspeito.<\/p>\n<p>\u201cSoubemos da quebra dessa medida protetiva e fomos checar se era verdade. Detectamos que isso realmente estava acontecendo. Flagramos ele em frente \u00e0 resid\u00eancia da m\u00e3e. Ent\u00e3o, ele foi preso por um crime inafian\u00e7\u00e1vel\u201d, finalizou o delegado respons\u00e1vel pelo caso.<\/p>\n<p>O agressor al\u00e9m de formado no curso de hist\u00f3ria e geografia, ainda cursou engenharia de pesca e direito. Ele j\u00e1 havia sido internado por ser usu\u00e1rio de drogas, segundo familiares.<\/p>\n<p>&nbsp;<\/p>\n<p><strong>Vitrine do Cariri\/Foto: Reprodu\u00e7\u00e3o\u00a0<\/strong><\/p>\n<div class=\"content-block\">Cariri Em A\u00e7\u00e3o<\/div>\n<div class=\"content-block\">Leia mais not\u00edcias em\u00a0<a href=\"http:\/\/www.caririemacao.com\/\">caririemacao.com<\/a>, siga<\/div>\n<div class=\"content-block\">nossa p\u00e1gina no\u00a0<a href=\"https:\/\/www.facebook.com\/CaririEmAcao\/?ref=aymt_homepage_panel\">Facebook<\/a>,\u00a0<a href=\"https:\/\/www.instagram.com\/cariri_em_acao\/?hl=pt-br\">Instagram<\/a>\u00a0e\u00a0<a href=\"https:\/\/www.youtube.com\/channel\/UCAptA0jQuYQy8vMhLt2m4qg\">Youtube<\/a>\u00a0e veja nossas mat\u00e9rias, v\u00eddeos e fotos. Voc\u00ea tamb\u00e9m pode enviar informa\u00e7\u00f5es \u00e0 Reda\u00e7\u00e3o do Portal Cariri em A\u00e7\u00e3o pelo WhatsApp (83) 9 9634.5791, (83) 9 9601-1162.<\/div>\n","protected":false},"excerpt":{"rendered":"<p>O professor Francisco Cosme Medeiros J\u00fanior foi preso por descumprir a medida protetiva pedida pela pr\u00f3pria m\u00e3e, na cidade de Santo Andr\u00e9, no Cariri da&hellip; <\/p>\n","protected":false},"author":1,"featured_media":61623,"comment_status":"closed","ping_status":"closed","sticky":false,"template":"","format":"standard","meta":{"sfsi_plus_gutenberg_text_before_share":"","sfsi_plus_gutenberg_show_text_before_share":"","sfsi_plus_gutenberg_icon_type":"","sfsi_plus_gutenberg_icon_alignemt":"","sfsi_plus_gutenburg_max_per_row":"","footnotes":""},"categories":[12],"tags":[],"class_list":["post-61622","post","type-post","status-publish","format-standard","has-post-thumbnail","hentry","category-policia"],"_links":{"self":[{"href":"https:\/\/www.caririemacao.com\/1\/wp-json\/wp\/v2\/posts\/61622","targetHints":{"allow":["GET"]}}],"collection":[{"href":"https:\/\/www.caririemacao.com\/1\/wp-json\/wp\/v2\/posts"}],"about":[{"href":"https:\/\/www.caririemacao.com\/1\/wp-json\/wp\/v2\/types\/post"}],"author":[{"embeddable":true,"href":"https:\/\/www.caririemacao.com\/1\/wp-json\/wp\/v2\/users\/1"}],"replies":[{"embeddable":true,"href":"https:\/\/www.caririemacao.com\/1\/wp-json\/wp\/v2\/comments?post=61622"}],"version-history":[{"count":1,"href":"https:\/\/www.caririemacao.com\/1\/wp-json\/wp\/v2\/posts\/61622\/revisions"}],"predecessor-version":[{"id":61624,"href":"https:\/\/www.caririemacao.com\/1\/wp-json\/wp\/v2\/posts\/61622\/revisions\/61624"}],"wp:featuredmedia":[{"embeddable":true,"href":"https:\/\/www.caririemacao.com\/1\/wp-json\/wp\/v2\/media\/61623"}],"wp:attachment":[{"href":"https:\/\/www.caririemacao.com\/1\/wp-json\/wp\/v2\/media?parent=61622"}],"wp:term":[{"taxonomy":"category","embeddable":true,"href":"https:\/\/www.caririemacao.com\/1\/wp-json\/wp\/v2\/categories?post=61622"},{"taxonomy":"post_tag","embeddable":true,"href":"https:\/\/www.caririemacao.com\/1\/wp-json\/wp\/v2\/tags?post=61622"}],"curies":[{"name":"wp","href":"https:\/\/api.w.org\/{rel}","templated":true}]}}