{"id":61626,"date":"2018-08-15T18:21:11","date_gmt":"2018-08-15T21:21:11","guid":{"rendered":"http:\/\/caririemacao.com\/1\/?p=61626"},"modified":"2018-08-15T18:22:00","modified_gmt":"2018-08-15T21:22:00","slug":"pt-registra-candidatura-de-lula-a-presidente-com-ato-em-frente-ao-tse","status":"publish","type":"post","link":"https:\/\/www.caririemacao.com\/1\/2018\/08\/15\/pt-registra-candidatura-de-lula-a-presidente-com-ato-em-frente-ao-tse\/","title":{"rendered":"PT registra candidatura de Lula a presidente com ato em frente ao TSE"},"content":{"rendered":"<p>O PT registrou nesta quarta-feira (15) na sede do Tribunal Superior Eleitoral (TSE), em Bras\u00edlia, a candidatura de\u00a0Luiz In\u00e1cio Lula da Silva\u00a0\u00e0 Presid\u00eancia da Rep\u00fablica com o ex-prefeito\u00a0Fernando Haddadcomo candidato a vice.<\/p>\n<div class=\"wall\">\n<div class=\"mc-column content-text active-extra-styles \" data-block-type=\"unstyled\" data-block-weight=\"57\" data-block-id=\"3\">\n<p class=\"content-text__container \" data-track-category=\"Link no Texto\" data-track-links=\"\">O registro foi\u00a0antecedido de uma marcha de militantes\u00a0ao TSE e um ato em frente ao tribunal com carros de som e discursos de apoio ao ex-presidente. Uma comitiva de pol\u00edticos da coliga\u00e7\u00e3o que re\u00fane PT, PCdoB e Pros protocolou a candidatura \u00e0s 17h20, pouco mais de uma hora e meia antes do prazo final (19h).<\/p>\n<\/div>\n<\/div>\n<p data-track-category=\"Link no Texto\" data-track-links=\"\">G1\/Foto: Reprodu\u00e7\u00e3o<\/p>\n<div class=\"wall\">\n<div class=\"mc-column content-text active-extra-styles \" data-block-type=\"unstyled\" data-block-weight=\"57\" data-block-id=\"3\">\n<div class=\"content-block\">Cariri Em A\u00e7\u00e3o<\/div>\n<div class=\"content-block\">Leia mais not\u00edcias em\u00a0<a href=\"http:\/\/www.caririemacao.com\/\">caririemacao.com<\/a>, siga nossa p\u00e1gina no\u00a0<a href=\"https:\/\/www.facebook.com\/CaririEmAcao\/?ref=aymt_homepage_panel\">Facebook<\/a>,\u00a0<a href=\"https:\/\/www.instagram.com\/cariri_em_acao\/?hl=pt-br\">Instagram<\/a>\u00a0e\u00a0<a href=\"https:\/\/www.youtube.com\/channel\/UCAptA0jQuYQy8vMhLt2m4qg\">Youtube<\/a>\u00a0e veja nossas mat\u00e9rias, v\u00eddeos e fotos. Voc\u00ea tamb\u00e9m pode enviar informa\u00e7\u00f5es \u00e0 Reda\u00e7\u00e3o do Portal Cariri em A\u00e7\u00e3o pelo WhatsApp (83) 9 9634.5791, (83) 9 9601-1162.<\/div>\n<\/div>\n<\/div>\n","protected":false},"excerpt":{"rendered":"<p>O PT registrou nesta quarta-feira (15) na sede do Tribunal Superior Eleitoral (TSE), em Bras\u00edlia, a candidatura de\u00a0Luiz In\u00e1cio Lula da Silva\u00a0\u00e0 Presid\u00eancia da Rep\u00fablica&hellip; <\/p>\n","protected":false},"author":1,"featured_media":59116,"comment_status":"closed","ping_status":"closed","sticky":false,"template":"","format":"standard","meta":{"sfsi_plus_gutenberg_text_before_share":"","sfsi_plus_gutenberg_show_text_before_share":"","sfsi_plus_gutenberg_icon_type":"","sfsi_plus_gutenberg_icon_alignemt":"","sfsi_plus_gutenburg_max_per_row":"","footnotes":""},"categories":[1],"tags":[],"class_list":["post-61626","post","type-post","status-publish","format-standard","has-post-thumbnail","hentry","category-o-site"],"_links":{"self":[{"href":"https:\/\/www.caririemacao.com\/1\/wp-json\/wp\/v2\/posts\/61626","targetHints":{"allow":["GET"]}}],"collection":[{"href":"https:\/\/www.caririemacao.com\/1\/wp-json\/wp\/v2\/posts"}],"about":[{"href":"https:\/\/www.caririemacao.com\/1\/wp-json\/wp\/v2\/types\/post"}],"author":[{"embeddable":true,"href":"https:\/\/www.caririemacao.com\/1\/wp-json\/wp\/v2\/users\/1"}],"replies":[{"embeddable":true,"href":"https:\/\/www.caririemacao.com\/1\/wp-json\/wp\/v2\/comments?post=61626"}],"version-history":[{"count":2,"href":"https:\/\/www.caririemacao.com\/1\/wp-json\/wp\/v2\/posts\/61626\/revisions"}],"predecessor-version":[{"id":61628,"href":"https:\/\/www.caririemacao.com\/1\/wp-json\/wp\/v2\/posts\/61626\/revisions\/61628"}],"wp:featuredmedia":[{"embeddable":true,"href":"https:\/\/www.caririemacao.com\/1\/wp-json\/wp\/v2\/media\/59116"}],"wp:attachment":[{"href":"https:\/\/www.caririemacao.com\/1\/wp-json\/wp\/v2\/media?parent=61626"}],"wp:term":[{"taxonomy":"category","embeddable":true,"href":"https:\/\/www.caririemacao.com\/1\/wp-json\/wp\/v2\/categories?post=61626"},{"taxonomy":"post_tag","embeddable":true,"href":"https:\/\/www.caririemacao.com\/1\/wp-json\/wp\/v2\/tags?post=61626"}],"curies":[{"name":"wp","href":"https:\/\/api.w.org\/{rel}","templated":true}]}}