{"id":61629,"date":"2018-08-15T18:36:10","date_gmt":"2018-08-15T21:36:10","guid":{"rendered":"http:\/\/caririemacao.com\/1\/?p=61629"},"modified":"2018-08-15T18:36:46","modified_gmt":"2018-08-15T21:36:46","slug":"61629","status":"publish","type":"post","link":"https:\/\/www.caririemacao.com\/1\/2018\/08\/15\/61629\/","title":{"rendered":"Samurai revela desejo de permanecer, mas renova\u00e7\u00e3o com o Treze est\u00e1 travada"},"content":{"rendered":"<p>Assim como Marcelinho Para\u00edba, a situa\u00e7\u00e3o do atacante Maxuell Samurai segue indefinida com rela\u00e7\u00e3o \u00e0 temporada 2019. O camisa 23 do Alvinegro, um dos artilheiros do time na disputa da S\u00e9rie D do Campeonato Basileiro disse que j\u00e1 iniciou uma conversa com a diretoria trezeana, mas que um denominador em comum n\u00e3o foi encontrado, embora clube e atleta tenham demonstrado interesse em renova\u00e7\u00e3o do v\u00ednculo por mais um ano.<\/p>\n<p>A gente fez uma primeira conversa, houve uma proposta e uma contraproposta e agora estamos aguardando uma defini\u00e7\u00e3o. Existe nosso desejo de permanecer, acredito que o clube tamb\u00e9m tem interesse na nossa perman\u00eancia e agora \u00e9 s\u00f3 conversar para acertar alguns pequenos detalhes e resolver toda essa situa\u00e7\u00e3o &#8211; comentou o atacante, autor de quatro gols na disputa da competi\u00e7\u00e3o nacional deste ano.<\/p>\n<div class=\"mc-column content-text active-extra-styles \" data-block-type=\"unstyled\" data-block-weight=\"52\" data-block-id=\"4\">\n<p class=\"content-text__container \" data-track-category=\"Link no Texto\" data-track-links=\"\">At\u00e9 agora, o Treze revelou apenas a renova\u00e7\u00e3o de contrato com o goleiro Mauro Iguatu e com o volante Elielton. A expectativa \u00e9 para uma defini\u00e7\u00e3o sobre a situa\u00e7\u00e3o do t\u00e9cnico Fl\u00e1vio Ara\u00fajo, que j\u00e1 demonstrou interesse em permanecer no clube, mas n\u00e3o confirmou a renova\u00e7\u00e3o de contrato para mais uma temporada.<\/p>\n<\/div>\n<div class=\"mc-column content-text active-extra-styles \" data-block-type=\"unstyled\" data-block-weight=\"19\" data-block-id=\"5\">\n<p class=\"content-text__container \" data-track-category=\"Link no Texto\" data-track-links=\"\">No pr\u00f3ximo ano, al\u00e9m do Campeonato Paraibano, o Galo est\u00e1 garantido na disputa da terceira divis\u00e3o do Campeonato Brasileiro.<\/p>\n<\/div>\n<p data-track-category=\"Link no Texto\" data-track-links=\"\"><strong>Globo Esporte PB\/Foto: Reprodu\u00e7\u00e3o\u00a0<\/strong><\/p>\n<div class=\"content-block\">Cariri Em A\u00e7\u00e3o<\/div>\n<div class=\"content-block\">Leia mais not\u00edcias em\u00a0<a href=\"http:\/\/www.caririemacao.com\/\">caririemacao.com<\/a>, siga nossa p\u00e1gina no\u00a0<a href=\"https:\/\/www.facebook.com\/CaririEmAcao\/?ref=aymt_homepage_panel\">Facebook<\/a>,\u00a0<a href=\"https:\/\/www.instagram.com\/cariri_em_acao\/?hl=pt-br\">Instagram<\/a>\u00a0e\u00a0<a href=\"https:\/\/www.youtube.com\/channel\/UCAptA0jQuYQy8vMhLt2m4qg\">Youtube<\/a>\u00a0e veja nossas mat\u00e9rias, v\u00eddeos e fotos. Voc\u00ea tamb\u00e9m pode enviar informa\u00e7\u00f5es \u00e0 Reda\u00e7\u00e3o do Portal Cariri em A\u00e7\u00e3o pelo WhatsApp (83) 9 9634.5791, (83) 9 9601-1162.<\/div>\n","protected":false},"excerpt":{"rendered":"<p>Assim como Marcelinho Para\u00edba, a situa\u00e7\u00e3o do atacante Maxuell Samurai segue indefinida com rela\u00e7\u00e3o \u00e0 temporada 2019. O camisa 23 do Alvinegro, um dos artilheiros&hellip; <\/p>\n","protected":false},"author":1,"featured_media":50078,"comment_status":"closed","ping_status":"closed","sticky":false,"template":"","format":"standard","meta":{"sfsi_plus_gutenberg_text_before_share":"","sfsi_plus_gutenberg_show_text_before_share":"","sfsi_plus_gutenberg_icon_type":"","sfsi_plus_gutenberg_icon_alignemt":"","sfsi_plus_gutenburg_max_per_row":"","footnotes":""},"categories":[13],"tags":[],"class_list":["post-61629","post","type-post","status-publish","format-standard","has-post-thumbnail","hentry","category-esportes"],"_links":{"self":[{"href":"https:\/\/www.caririemacao.com\/1\/wp-json\/wp\/v2\/posts\/61629","targetHints":{"allow":["GET"]}}],"collection":[{"href":"https:\/\/www.caririemacao.com\/1\/wp-json\/wp\/v2\/posts"}],"about":[{"href":"https:\/\/www.caririemacao.com\/1\/wp-json\/wp\/v2\/types\/post"}],"author":[{"embeddable":true,"href":"https:\/\/www.caririemacao.com\/1\/wp-json\/wp\/v2\/users\/1"}],"replies":[{"embeddable":true,"href":"https:\/\/www.caririemacao.com\/1\/wp-json\/wp\/v2\/comments?post=61629"}],"version-history":[{"count":2,"href":"https:\/\/www.caririemacao.com\/1\/wp-json\/wp\/v2\/posts\/61629\/revisions"}],"predecessor-version":[{"id":61631,"href":"https:\/\/www.caririemacao.com\/1\/wp-json\/wp\/v2\/posts\/61629\/revisions\/61631"}],"wp:featuredmedia":[{"embeddable":true,"href":"https:\/\/www.caririemacao.com\/1\/wp-json\/wp\/v2\/media\/50078"}],"wp:attachment":[{"href":"https:\/\/www.caririemacao.com\/1\/wp-json\/wp\/v2\/media?parent=61629"}],"wp:term":[{"taxonomy":"category","embeddable":true,"href":"https:\/\/www.caririemacao.com\/1\/wp-json\/wp\/v2\/categories?post=61629"},{"taxonomy":"post_tag","embeddable":true,"href":"https:\/\/www.caririemacao.com\/1\/wp-json\/wp\/v2\/tags?post=61629"}],"curies":[{"name":"wp","href":"https:\/\/api.w.org\/{rel}","templated":true}]}}