{"id":61634,"date":"2018-08-15T19:14:44","date_gmt":"2018-08-15T22:14:44","guid":{"rendered":"http:\/\/caririemacao.com\/1\/?p=61634"},"modified":"2018-08-15T19:14:44","modified_gmt":"2018-08-15T22:14:44","slug":"ministerio-da-saude-disponibiliza-recursos-para-a-paraiba","status":"publish","type":"post","link":"https:\/\/www.caririemacao.com\/1\/2018\/08\/15\/ministerio-da-saude-disponibiliza-recursos-para-a-paraiba\/","title":{"rendered":"Minist\u00e9rio da Sa\u00fade disponibiliza recursos para a Para\u00edba"},"content":{"rendered":"<p>O Minist\u00e9rio da Sa\u00fade divulgou na edi\u00e7\u00e3o do Di\u00e1rio Oficial da Uni\u00e3o desta ter\u00e7a-feira (14)\u00a0<strong>o resultado<\/strong>\u00a0da Fase de Avalia\u00e7\u00e3o do Programa de Qualifica\u00e7\u00e3o das A\u00e7\u00f5es de Vigil\u00e2ncia em Sa\u00fade. Os recursos ser\u00e3o repassados al\u00e9m do Estado, aos 223 munic\u00edpios da Para\u00edba.<\/p>\n<p>Com isto, o texto autoriza o repasse dos valores de recursos federais aos Fundos dos Estados, Distrito Federal e Munic\u00edpios, no Bloco de Custeio das A\u00e7\u00f5es e Servi\u00e7os P\u00fablicos de Sa\u00fade, a serem alocados no Grupo de Vigil\u00e2ncia em Sa\u00fade. Ao todo, foram disponibilizados o montante de R$ 204.647.661,97 em todo Brasil.<\/p>\n<p>O Fundo Nacional de Sa\u00fade adotar\u00e1 as medidas necess\u00e1rias para as transfer\u00eancias de recursos estabelecidas nesta Portaria aos respectivos Fundos de Sa\u00fade, em conformidade com os processos de pagamentos instru\u00eddos.<\/p>\n<p><strong>Portal Correio\/Foto: Reprodu\u00e7\u00e3o\u00a0<\/strong><\/p>\n<div class=\"content-block\">Cariri Em A\u00e7\u00e3o<\/div>\n<div class=\"content-block\">Leia mais not\u00edcias em\u00a0<a href=\"http:\/\/www.caririemacao.com\/\">caririemacao.com<\/a>, siga nossa p\u00e1gina no\u00a0<a href=\"https:\/\/www.facebook.com\/CaririEmAcao\/?ref=aymt_homepage_panel\">Facebook<\/a>,\u00a0<a href=\"https:\/\/www.instagram.com\/cariri_em_acao\/?hl=pt-br\">Instagram<\/a>\u00a0e\u00a0<a href=\"https:\/\/www.youtube.com\/channel\/UCAptA0jQuYQy8vMhLt2m4qg\">Youtube<\/a>\u00a0e veja nossas mat\u00e9rias, v\u00eddeos e fotos. Voc\u00ea tamb\u00e9m pode enviar informa\u00e7\u00f5es \u00e0 Reda\u00e7\u00e3o do Portal Cariri em A\u00e7\u00e3o pelo WhatsApp (83) 9 9634.5791, (83) 9 9601-1162.<\/div>\n","protected":false},"excerpt":{"rendered":"<p>O Minist\u00e9rio da Sa\u00fade divulgou na edi\u00e7\u00e3o do Di\u00e1rio Oficial da Uni\u00e3o desta ter\u00e7a-feira (14)\u00a0o resultado\u00a0da Fase de Avalia\u00e7\u00e3o do Programa de Qualifica\u00e7\u00e3o das A\u00e7\u00f5es&hellip; <\/p>\n","protected":false},"author":1,"featured_media":29694,"comment_status":"closed","ping_status":"closed","sticky":false,"template":"","format":"standard","meta":{"sfsi_plus_gutenberg_text_before_share":"","sfsi_plus_gutenberg_show_text_before_share":"","sfsi_plus_gutenberg_icon_type":"","sfsi_plus_gutenberg_icon_alignemt":"","sfsi_plus_gutenburg_max_per_row":"","footnotes":""},"categories":[16],"tags":[],"class_list":["post-61634","post","type-post","status-publish","format-standard","has-post-thumbnail","hentry","category-saude"],"_links":{"self":[{"href":"https:\/\/www.caririemacao.com\/1\/wp-json\/wp\/v2\/posts\/61634","targetHints":{"allow":["GET"]}}],"collection":[{"href":"https:\/\/www.caririemacao.com\/1\/wp-json\/wp\/v2\/posts"}],"about":[{"href":"https:\/\/www.caririemacao.com\/1\/wp-json\/wp\/v2\/types\/post"}],"author":[{"embeddable":true,"href":"https:\/\/www.caririemacao.com\/1\/wp-json\/wp\/v2\/users\/1"}],"replies":[{"embeddable":true,"href":"https:\/\/www.caririemacao.com\/1\/wp-json\/wp\/v2\/comments?post=61634"}],"version-history":[{"count":1,"href":"https:\/\/www.caririemacao.com\/1\/wp-json\/wp\/v2\/posts\/61634\/revisions"}],"predecessor-version":[{"id":61635,"href":"https:\/\/www.caririemacao.com\/1\/wp-json\/wp\/v2\/posts\/61634\/revisions\/61635"}],"wp:featuredmedia":[{"embeddable":true,"href":"https:\/\/www.caririemacao.com\/1\/wp-json\/wp\/v2\/media\/29694"}],"wp:attachment":[{"href":"https:\/\/www.caririemacao.com\/1\/wp-json\/wp\/v2\/media?parent=61634"}],"wp:term":[{"taxonomy":"category","embeddable":true,"href":"https:\/\/www.caririemacao.com\/1\/wp-json\/wp\/v2\/categories?post=61634"},{"taxonomy":"post_tag","embeddable":true,"href":"https:\/\/www.caririemacao.com\/1\/wp-json\/wp\/v2\/tags?post=61634"}],"curies":[{"name":"wp","href":"https:\/\/api.w.org\/{rel}","templated":true}]}}