{"id":61637,"date":"2018-08-15T20:47:32","date_gmt":"2018-08-15T23:47:32","guid":{"rendered":"http:\/\/caririemacao.com\/1\/?p=61637"},"modified":"2018-08-15T20:47:32","modified_gmt":"2018-08-15T23:47:32","slug":"secretaria-de-assistencia-social-de-sume-contribui-com-debate-sobre-direitos-fundamentais-respeito-a-diferenca-e-a-diversidade","status":"publish","type":"post","link":"https:\/\/www.caririemacao.com\/1\/2018\/08\/15\/secretaria-de-assistencia-social-de-sume-contribui-com-debate-sobre-direitos-fundamentais-respeito-a-diferenca-e-a-diversidade\/","title":{"rendered":"Secretaria de Assist\u00eancia Social de Sum\u00e9 contribui com debate sobre direitos fundamentais, respeito \u00e0 diferen\u00e7a e a diversidade"},"content":{"rendered":"<p><a href=\"http:\/\/www.sume.pb.gov.br\/wp-content\/uploads\/2018\/08\/39229151_291386331413738_2436828602524762112_n-1.jpg\" data-slb-active=\"1\" data-slb-asset=\"1499354357\" data-slb-internal=\"0\" data-slb-group=\"5837\"><img fetchpriority=\"high\" decoding=\"async\" class=\"wp-image-5841 aligncenter\" src=\"http:\/\/www.sume.pb.gov.br\/wp-content\/uploads\/2018\/08\/39229151_291386331413738_2436828602524762112_n-1.jpg\" sizes=\"(max-width: 603px) 100vw, 603px\" srcset=\"http:\/\/www.sume.pb.gov.br\/wp-content\/uploads\/2018\/08\/39229151_291386331413738_2436828602524762112_n-1.jpg 960w, http:\/\/www.sume.pb.gov.br\/wp-content\/uploads\/2018\/08\/39229151_291386331413738_2436828602524762112_n-1-300x225.jpg 300w, http:\/\/www.sume.pb.gov.br\/wp-content\/uploads\/2018\/08\/39229151_291386331413738_2436828602524762112_n-1-768x576.jpg 768w\" alt=\"\" width=\"603\" height=\"452\" \/><\/a><\/p>\n<p>Na \u00faltima segunda-feira (13\/08) a Secretaria de Assist\u00eancia Social de Sum\u00e9 esteve participando de uma palestra com o tema: direitos fundamentais, respeito \u00e0 diferen\u00e7a e a diversidade.<\/p>\n<p>A a\u00e7\u00e3o foi realizada na Escola Cidad\u00e3 Integral Professor Jos\u00e9 Gon\u00e7alves de Queiroz, por meio de parceria com o \u201cProjeto Eletiva: Eu Cidad\u00e3o\u201d, envolvendo os alunos integrantes do projeto e da referida institui\u00e7\u00e3o de ensino.<\/p>\n<p><a href=\"http:\/\/www.sume.pb.gov.br\/wp-content\/uploads\/2018\/08\/14eb066f-df4a-4156-afd8-fb3bd7d6d1ac.jpg\" data-slb-active=\"1\" data-slb-asset=\"464876191\" data-slb-internal=\"0\" data-slb-group=\"5837\"><img decoding=\"async\" class=\"wp-image-5839 aligncenter lazyload\" data-src=\"http:\/\/www.sume.pb.gov.br\/wp-content\/uploads\/2018\/08\/14eb066f-df4a-4156-afd8-fb3bd7d6d1ac-1024x768.jpg\" data-sizes=\"(max-width: 599px) 100vw, 599px\" data-srcset=\"http:\/\/www.sume.pb.gov.br\/wp-content\/uploads\/2018\/08\/14eb066f-df4a-4156-afd8-fb3bd7d6d1ac-1024x768.jpg 1024w, http:\/\/www.sume.pb.gov.br\/wp-content\/uploads\/2018\/08\/14eb066f-df4a-4156-afd8-fb3bd7d6d1ac-300x225.jpg 300w, http:\/\/www.sume.pb.gov.br\/wp-content\/uploads\/2018\/08\/14eb066f-df4a-4156-afd8-fb3bd7d6d1ac-768x576.jpg 768w, http:\/\/www.sume.pb.gov.br\/wp-content\/uploads\/2018\/08\/14eb066f-df4a-4156-afd8-fb3bd7d6d1ac.jpg 1280w\" alt=\"\" width=\"599\" height=\"449\" src=\"data:image\/svg+xml;base64,PHN2ZyB3aWR0aD0iMSIgaGVpZ2h0PSIxIiB4bWxucz0iaHR0cDovL3d3dy53My5vcmcvMjAwMC9zdmciPjwvc3ZnPg==\" style=\"--smush-placeholder-width: 599px; --smush-placeholder-aspect-ratio: 599\/449;\" \/><\/a><\/p>\n<p>Na ocasi\u00e3o estiveram contribuindo com a palestra a chefe da Divis\u00e3o de Prote\u00e7\u00e3o \u00e0 Mulher e da Diversidade Humana, Meyre Ruth e a Assistente Social, Elidiene Batista, ambas facilitaram o desenvolvimento dos debates.<\/p>\n<p><a href=\"http:\/\/www.sume.pb.gov.br\/wp-content\/uploads\/2018\/08\/39051740_291386348080403_6119890039552868352_n.jpg\" data-slb-active=\"1\" data-slb-asset=\"365685783\" data-slb-internal=\"0\" data-slb-group=\"5837\"><img decoding=\"async\" class=\"wp-image-5840 aligncenter lazyload\" data-src=\"http:\/\/www.sume.pb.gov.br\/wp-content\/uploads\/2018\/08\/39051740_291386348080403_6119890039552868352_n.jpg\" data-sizes=\"(max-width: 599px) 100vw, 599px\" data-srcset=\"http:\/\/www.sume.pb.gov.br\/wp-content\/uploads\/2018\/08\/39051740_291386348080403_6119890039552868352_n.jpg 960w, http:\/\/www.sume.pb.gov.br\/wp-content\/uploads\/2018\/08\/39051740_291386348080403_6119890039552868352_n-300x225.jpg 300w, http:\/\/www.sume.pb.gov.br\/wp-content\/uploads\/2018\/08\/39051740_291386348080403_6119890039552868352_n-768x576.jpg 768w\" alt=\"\" width=\"599\" height=\"449\" src=\"data:image\/svg+xml;base64,PHN2ZyB3aWR0aD0iMSIgaGVpZ2h0PSIxIiB4bWxucz0iaHR0cDovL3d3dy53My5vcmcvMjAwMC9zdmciPjwvc3ZnPg==\" style=\"--smush-placeholder-width: 599px; --smush-placeholder-aspect-ratio: 599\/449;\" \/><\/a><\/p>\n<p>Durante a eletiva foram discutidos os seguintes contextos: direitos fundamentais, conceito de cidadania, dignidade humana ligada ao indiv\u00edduo e \u00e0 cidadania, diversidade da individualidade humana, ciclo da exclus\u00e3o social e direitos humanos e garantia do direito \u00e0 igualdade, com \u00eanfase \u00e0 classe LGBT.<\/p>\n<p><strong>Ascom\/PMS<\/strong><\/p>\n<div class=\"content-block\">Cariri Em A\u00e7\u00e3o<\/div>\n<div class=\"content-block\">Leia mais not\u00edcias em\u00a0<a href=\"http:\/\/www.caririemacao.com\/\">caririemacao.com<\/a>, siga nossa p\u00e1gina no\u00a0<a href=\"https:\/\/www.facebook.com\/CaririEmAcao\/?ref=aymt_homepage_panel\">Facebook<\/a>,\u00a0<a href=\"https:\/\/www.instagram.com\/cariri_em_acao\/?hl=pt-br\">Instagram<\/a>\u00a0e\u00a0<a href=\"https:\/\/www.youtube.com\/channel\/UCAptA0jQuYQy8vMhLt2m4qg\">Youtube<\/a>\u00a0e veja nossas mat\u00e9rias, v\u00eddeos e fotos. Voc\u00ea tamb\u00e9m pode enviar informa\u00e7\u00f5es \u00e0 Reda\u00e7\u00e3o do Portal Cariri em A\u00e7\u00e3o pelo WhatsApp (83) 9 9634.5791, (83) 9 9601-1162.<\/div>\n","protected":false},"excerpt":{"rendered":"<p>Na \u00faltima segunda-feira (13\/08) a Secretaria de Assist\u00eancia Social de Sum\u00e9 esteve participando de uma palestra com o tema: direitos fundamentais, respeito \u00e0 diferen\u00e7a e&hellip; <\/p>\n","protected":false},"author":1,"featured_media":52105,"comment_status":"closed","ping_status":"closed","sticky":false,"template":"","format":"standard","meta":{"sfsi_plus_gutenberg_text_before_share":"","sfsi_plus_gutenberg_show_text_before_share":"","sfsi_plus_gutenberg_icon_type":"","sfsi_plus_gutenberg_icon_alignemt":"","sfsi_plus_gutenburg_max_per_row":"","footnotes":""},"categories":[14],"tags":[],"class_list":["post-61637","post","type-post","status-publish","format-standard","has-post-thumbnail","hentry","category-educacao"],"_links":{"self":[{"href":"https:\/\/www.caririemacao.com\/1\/wp-json\/wp\/v2\/posts\/61637","targetHints":{"allow":["GET"]}}],"collection":[{"href":"https:\/\/www.caririemacao.com\/1\/wp-json\/wp\/v2\/posts"}],"about":[{"href":"https:\/\/www.caririemacao.com\/1\/wp-json\/wp\/v2\/types\/post"}],"author":[{"embeddable":true,"href":"https:\/\/www.caririemacao.com\/1\/wp-json\/wp\/v2\/users\/1"}],"replies":[{"embeddable":true,"href":"https:\/\/www.caririemacao.com\/1\/wp-json\/wp\/v2\/comments?post=61637"}],"version-history":[{"count":1,"href":"https:\/\/www.caririemacao.com\/1\/wp-json\/wp\/v2\/posts\/61637\/revisions"}],"predecessor-version":[{"id":61638,"href":"https:\/\/www.caririemacao.com\/1\/wp-json\/wp\/v2\/posts\/61637\/revisions\/61638"}],"wp:featuredmedia":[{"embeddable":true,"href":"https:\/\/www.caririemacao.com\/1\/wp-json\/wp\/v2\/media\/52105"}],"wp:attachment":[{"href":"https:\/\/www.caririemacao.com\/1\/wp-json\/wp\/v2\/media?parent=61637"}],"wp:term":[{"taxonomy":"category","embeddable":true,"href":"https:\/\/www.caririemacao.com\/1\/wp-json\/wp\/v2\/categories?post=61637"},{"taxonomy":"post_tag","embeddable":true,"href":"https:\/\/www.caririemacao.com\/1\/wp-json\/wp\/v2\/tags?post=61637"}],"curies":[{"name":"wp","href":"https:\/\/api.w.org\/{rel}","templated":true}]}}