{"id":61639,"date":"2018-08-15T20:53:22","date_gmt":"2018-08-15T23:53:22","guid":{"rendered":"http:\/\/caririemacao.com\/1\/?p=61639"},"modified":"2018-08-15T20:56:59","modified_gmt":"2018-08-15T23:56:59","slug":"alunos-de-escolas-municipais-recebem-palestras-da-policia-rodoviaria-federal-em-monteiro","status":"publish","type":"post","link":"https:\/\/www.caririemacao.com\/1\/2018\/08\/15\/alunos-de-escolas-municipais-recebem-palestras-da-policia-rodoviaria-federal-em-monteiro\/","title":{"rendered":"Alunos de escolas Municipais recebem palestras da Pol\u00edcia Rodovi\u00e1ria Federal em Monteiro"},"content":{"rendered":"<p><img fetchpriority=\"high\" decoding=\"async\" class=\"wp-image-20523 alignleft\" src=\"http:\/\/www.vitrinedocariri.com.br\/wp-content\/uploads\/2018\/08\/fetran-na-escola-adalice1.jpg\" alt=\"\" width=\"449\" height=\"299\" \/>\u00a0\u00a0<img decoding=\"async\" class=\"wp-image-20525 alignleft lazyload\" data-src=\"http:\/\/www.vitrinedocariri.com.br\/wp-content\/uploads\/2018\/08\/fetran-na-escola-adalice3.jpg\" alt=\"\" width=\"448\" height=\"298\" src=\"data:image\/svg+xml;base64,PHN2ZyB3aWR0aD0iMSIgaGVpZ2h0PSIxIiB4bWxucz0iaHR0cDovL3d3dy53My5vcmcvMjAwMC9zdmciPjwvc3ZnPg==\" style=\"--smush-placeholder-width: 448px; --smush-placeholder-aspect-ratio: 448\/298;\" \/><\/p>\n<p><img decoding=\"async\" class=\"wp-image-20524 alignleft lazyload\" data-src=\"http:\/\/www.vitrinedocariri.com.br\/wp-content\/uploads\/2018\/08\/fetran-na-escola-adalice2.jpg\" alt=\"\" width=\"447\" height=\"297\" src=\"data:image\/svg+xml;base64,PHN2ZyB3aWR0aD0iMSIgaGVpZ2h0PSIxIiB4bWxucz0iaHR0cDovL3d3dy53My5vcmcvMjAwMC9zdmciPjwvc3ZnPg==\" style=\"--smush-placeholder-width: 447px; --smush-placeholder-aspect-ratio: 447\/297;\" \/>Cerca de mil alunos da Rede Municipal de Ensino de Monteiro est\u00e3o recebendo palestras atrav\u00e9s do projeto FETRAN que teve seu pontap\u00e9 inicial no m\u00eas de abril.<\/p>\n<p>Educa\u00e7\u00e3o e conscientiza\u00e7\u00e3o quanto \u00e0s quest\u00f5es relacionadas ao tr\u00e2nsito s\u00e3o abordadas por meio da transversalidade na sala de aula e na manh\u00e3 e tarde desta ter\u00e7a e quarta-feira, 14 e 15, os alunos das escolas Maria Lauric\u00e9ia de Freitas, Tiradentes \u2013 Anexo e Adalice Rem\u00edgio Gomes tiveram a oportunidade de ter uma aula no \u00f4nibus da Pol\u00edcia Rodovi\u00e1ria Federal.<\/p>\n<p>No \u00f4nibus, os alunos tiveram a oportunidade de assistir a v\u00eddeos com a tem\u00e1tica tr\u00e2nsito e logo ap\u00f3s em um bate papo descontra\u00eddo e muito leve e de forma bastante did\u00e1tica com Cledson Ferreira \u2013 Chefe do Grupo de Educa\u00e7\u00e3o para o Tr\u00e2nsito da PRF e Ubajara N\u00f3brega \u2013 Chefe do Grupo de Acidentes da PRF.<\/p>\n<p>Todo o trabalho foi feito de forma interativa com o alunado, que muito interessados questionaram, brincaram e responderam a v\u00e1rias perguntas sobre os v\u00eddeos mostrando que estavam atentos e captaram toda a mensagem que os profissionais repassaram.<\/p>\n<p>Juntamente com os agentes da PRF estiveram presentes tamb\u00e9m professores e diretores das escolas municipais.<\/p>\n<p>O FETRAN \u00e9 um dos maiores Projetos de Educa\u00e7\u00e3o para o tr\u00e2nsito do pa\u00eds e tem como principal objetivo inserir a Educa\u00e7\u00e3o para o Tr\u00e2nsito de forma concisa e peri\u00f3dica na rotina escolar, afirmou Cledson Ferreira, chefe do grupo de educa\u00e7\u00e3o para o tr\u00e2nsito da PRF.<\/p>\n<p><strong>FETRAN<\/strong><\/p>\n<p>Criado em 2004, o Festival \u00e9 um projeto de educa\u00e7\u00e3o para o tr\u00e2nsito da PRF que utiliza atividades pedag\u00f3gicas e inclui transversalmente \u00e0 tem\u00e1tica tr\u00e2nsito no cotidiano escolar. No FETRAN, estudantes e professores produzem trabalhos com sobre o Tr\u00e2nsito, nas modalidades: teatro, maquetes, poesias, dan\u00e7as, m\u00fasicas, textos, mural, entre outros, valorizando a diversidade escolar e cultural. Os trabalhos s\u00e3o apresentados na Feira Tem\u00e1tica de Tr\u00e2nsito e no Festival Tem\u00e1tico de Tr\u00e2nsito com o objetivo de integrar a PRF, a escola e a sociedade.<\/p>\n<p>Para a execu\u00e7\u00e3o do FETRAN na cidade de Monteiro, a Secretaria de Educa\u00e7\u00e3o e a PRF disponibilizou um curso de 40 horas para que os professores fossem preparados pedagogicamente sobre o assunto. Os alunos participantes do projeto desenvolver\u00e3o intensa atividade pedag\u00f3gica e culminando com o momento m\u00e1ximo em que a comunidade escolar se reunir\u00e1 para apresentar resultados. Na etapa final do projeto, ser\u00e3o realizadas exposi\u00e7\u00e3o de trabalhos escolares, semin\u00e1rios e apresenta\u00e7\u00f5es art\u00edsticas.<\/p>\n<p><strong>Vitrine do Cariri\u00a0<\/strong><\/p>\n<div class=\"content-block\">Cariri Em A\u00e7\u00e3o<\/div>\n<div class=\"content-block\">Leia mais not\u00edcias em\u00a0<a href=\"http:\/\/www.caririemacao.com\/\">caririemacao.com<\/a>, siga nossa p\u00e1gina no\u00a0<a href=\"https:\/\/www.facebook.com\/CaririEmAcao\/?ref=aymt_homepage_panel\">Facebook<\/a>,\u00a0<a href=\"https:\/\/www.instagram.com\/cariri_em_acao\/?hl=pt-br\">Instagram<\/a>\u00a0e\u00a0<a href=\"https:\/\/www.youtube.com\/channel\/UCAptA0jQuYQy8vMhLt2m4qg\">Youtube<\/a>\u00a0e veja nossas mat\u00e9rias, v\u00eddeos e fotos. Voc\u00ea tamb\u00e9m pode enviar informa\u00e7\u00f5es \u00e0 Reda\u00e7\u00e3o do Portal Cariri em A\u00e7\u00e3o pelo WhatsApp (83) 9 9634.5791, (83) 9 9601-1162.<\/div>\n","protected":false},"excerpt":{"rendered":"<p>\u00a0\u00a0 Cerca de mil alunos da Rede Municipal de Ensino de Monteiro est\u00e3o recebendo palestras atrav\u00e9s do projeto FETRAN que teve seu pontap\u00e9 inicial no&hellip; <\/p>\n","protected":false},"author":1,"featured_media":61640,"comment_status":"closed","ping_status":"closed","sticky":false,"template":"","format":"standard","meta":{"sfsi_plus_gutenberg_text_before_share":"","sfsi_plus_gutenberg_show_text_before_share":"","sfsi_plus_gutenberg_icon_type":"","sfsi_plus_gutenberg_icon_alignemt":"","sfsi_plus_gutenburg_max_per_row":"","footnotes":""},"categories":[14],"tags":[],"class_list":["post-61639","post","type-post","status-publish","format-standard","has-post-thumbnail","hentry","category-educacao"],"_links":{"self":[{"href":"https:\/\/www.caririemacao.com\/1\/wp-json\/wp\/v2\/posts\/61639","targetHints":{"allow":["GET"]}}],"collection":[{"href":"https:\/\/www.caririemacao.com\/1\/wp-json\/wp\/v2\/posts"}],"about":[{"href":"https:\/\/www.caririemacao.com\/1\/wp-json\/wp\/v2\/types\/post"}],"author":[{"embeddable":true,"href":"https:\/\/www.caririemacao.com\/1\/wp-json\/wp\/v2\/users\/1"}],"replies":[{"embeddable":true,"href":"https:\/\/www.caririemacao.com\/1\/wp-json\/wp\/v2\/comments?post=61639"}],"version-history":[{"count":3,"href":"https:\/\/www.caririemacao.com\/1\/wp-json\/wp\/v2\/posts\/61639\/revisions"}],"predecessor-version":[{"id":61643,"href":"https:\/\/www.caririemacao.com\/1\/wp-json\/wp\/v2\/posts\/61639\/revisions\/61643"}],"wp:featuredmedia":[{"embeddable":true,"href":"https:\/\/www.caririemacao.com\/1\/wp-json\/wp\/v2\/media\/61640"}],"wp:attachment":[{"href":"https:\/\/www.caririemacao.com\/1\/wp-json\/wp\/v2\/media?parent=61639"}],"wp:term":[{"taxonomy":"category","embeddable":true,"href":"https:\/\/www.caririemacao.com\/1\/wp-json\/wp\/v2\/categories?post=61639"},{"taxonomy":"post_tag","embeddable":true,"href":"https:\/\/www.caririemacao.com\/1\/wp-json\/wp\/v2\/tags?post=61639"}],"curies":[{"name":"wp","href":"https:\/\/api.w.org\/{rel}","templated":true}]}}