{"id":61644,"date":"2018-08-15T21:04:28","date_gmt":"2018-08-16T00:04:28","guid":{"rendered":"http:\/\/caririemacao.com\/1\/?p=61644"},"modified":"2018-08-15T21:04:28","modified_gmt":"2018-08-16T00:04:28","slug":"prefeitura-de-sao-sebastiao-do-umbuzeiro-convida-a-populacao-para-participar-uma-audiencia-publica-sobre-ldo-2019-nesta-quinta-dia-16","status":"publish","type":"post","link":"https:\/\/www.caririemacao.com\/1\/2018\/08\/15\/prefeitura-de-sao-sebastiao-do-umbuzeiro-convida-a-populacao-para-participar-uma-audiencia-publica-sobre-ldo-2019-nesta-quinta-dia-16\/","title":{"rendered":"Prefeitura de S\u00e3o Sebasti\u00e3o do Umbuzeiro convida a popula\u00e7\u00e3o para participar uma audi\u00eancia p\u00fablica sobre LDO 2019 nesta quinta dia 16"},"content":{"rendered":"<p>A prefeitura municipal de S\u00e3o Sebasti\u00e3o do Umbuzeiro convida toda a popula\u00e7\u00e3o para participar de uma audi\u00eancia p\u00fablica que tem como objetivo a apresenta\u00e7\u00e3o do Projeto de Lei de Diretrizes Or\u00e7ament\u00e1ria \u2013 LDO, para o exerc\u00edcio de 2019, que ser\u00e1 realizada na pr\u00f3xima quinta-feira 16\/08\/2018, a partir das 18h:00, na c\u00e2mara municipal Cicero de Souza Lima.<\/p>\n<p>Na oportunidade ser\u00e3o debatidas as\u00a0metas e prioridades da administra\u00e7\u00e3o p\u00fablica para a aplica\u00e7\u00e3o dos recursos no pr\u00f3ximo ano e as diretrizes para elabora\u00e7\u00e3o do or\u00e7amento anual.<\/p>\n<p>Sua presen\u00e7a ser\u00e1 de grande import\u00e2ncia. Participe!!!<\/p>\n<p>Att,<\/p>\n<p>Prefeito Adriano Jeronimo Wolff<\/p>\n<p>&nbsp;<\/p>\n<p><strong>Vitrine do Cariri\/Foto: Reprodu\u00e7\u00e3o\u00a0<\/strong><\/p>\n<div class=\"content-block\">Cariri Em A\u00e7\u00e3o<\/div>\n<div class=\"content-block\">Leia mais not\u00edcias em\u00a0<a href=\"http:\/\/www.caririemacao.com\/\">caririemacao.com<\/a>, siga nossa p\u00e1gina no\u00a0<a href=\"https:\/\/www.facebook.com\/CaririEmAcao\/?ref=aymt_homepage_panel\">Facebook<\/a>,\u00a0<a href=\"https:\/\/www.instagram.com\/cariri_em_acao\/?hl=pt-br\">Instagram<\/a>\u00a0e\u00a0<a href=\"https:\/\/www.youtube.com\/channel\/UCAptA0jQuYQy8vMhLt2m4qg\">Youtube<\/a>\u00a0e veja nossas mat\u00e9rias, v\u00eddeos e fotos. Voc\u00ea tamb\u00e9m pode enviar informa\u00e7\u00f5es \u00e0 Reda\u00e7\u00e3o do Portal Cariri em A\u00e7\u00e3o pelo WhatsApp (83) 9 9634.5791, (83) 9 9601-1162.<\/div>\n","protected":false},"excerpt":{"rendered":"<p>A prefeitura municipal de S\u00e3o Sebasti\u00e3o do Umbuzeiro convida toda a popula\u00e7\u00e3o para participar de uma audi\u00eancia p\u00fablica que tem como objetivo a apresenta\u00e7\u00e3o do&hellip; <\/p>\n","protected":false},"author":1,"featured_media":61645,"comment_status":"closed","ping_status":"closed","sticky":false,"template":"","format":"standard","meta":{"sfsi_plus_gutenberg_text_before_share":"","sfsi_plus_gutenberg_show_text_before_share":"","sfsi_plus_gutenberg_icon_type":"","sfsi_plus_gutenberg_icon_alignemt":"","sfsi_plus_gutenburg_max_per_row":"","footnotes":""},"categories":[6],"tags":[],"class_list":["post-61644","post","type-post","status-publish","format-standard","has-post-thumbnail","hentry","category-cidades"],"_links":{"self":[{"href":"https:\/\/www.caririemacao.com\/1\/wp-json\/wp\/v2\/posts\/61644","targetHints":{"allow":["GET"]}}],"collection":[{"href":"https:\/\/www.caririemacao.com\/1\/wp-json\/wp\/v2\/posts"}],"about":[{"href":"https:\/\/www.caririemacao.com\/1\/wp-json\/wp\/v2\/types\/post"}],"author":[{"embeddable":true,"href":"https:\/\/www.caririemacao.com\/1\/wp-json\/wp\/v2\/users\/1"}],"replies":[{"embeddable":true,"href":"https:\/\/www.caririemacao.com\/1\/wp-json\/wp\/v2\/comments?post=61644"}],"version-history":[{"count":1,"href":"https:\/\/www.caririemacao.com\/1\/wp-json\/wp\/v2\/posts\/61644\/revisions"}],"predecessor-version":[{"id":61646,"href":"https:\/\/www.caririemacao.com\/1\/wp-json\/wp\/v2\/posts\/61644\/revisions\/61646"}],"wp:featuredmedia":[{"embeddable":true,"href":"https:\/\/www.caririemacao.com\/1\/wp-json\/wp\/v2\/media\/61645"}],"wp:attachment":[{"href":"https:\/\/www.caririemacao.com\/1\/wp-json\/wp\/v2\/media?parent=61644"}],"wp:term":[{"taxonomy":"category","embeddable":true,"href":"https:\/\/www.caririemacao.com\/1\/wp-json\/wp\/v2\/categories?post=61644"},{"taxonomy":"post_tag","embeddable":true,"href":"https:\/\/www.caririemacao.com\/1\/wp-json\/wp\/v2\/tags?post=61644"}],"curies":[{"name":"wp","href":"https:\/\/api.w.org\/{rel}","templated":true}]}}