{"id":61647,"date":"2018-08-15T21:19:39","date_gmt":"2018-08-16T00:19:39","guid":{"rendered":"http:\/\/caririemacao.com\/1\/?p=61647"},"modified":"2018-08-15T21:19:39","modified_gmt":"2018-08-16T00:19:39","slug":"procuradora-geral-raquel-dodge-contesta-no-tse-candidatura-de-lula-a-presidente","status":"publish","type":"post","link":"https:\/\/www.caririemacao.com\/1\/2018\/08\/15\/procuradora-geral-raquel-dodge-contesta-no-tse-candidatura-de-lula-a-presidente\/","title":{"rendered":"Procuradora-geral Raquel Dodge contesta no TSE candidatura de Lula a Presidente"},"content":{"rendered":"<div class=\"mc-column content-text active-extra-styles \" data-block-type=\"unstyled\" data-block-weight=\"18\" data-block-id=\"2\">\n<nav id=\"menu-container\" class=\"menu-container\">\n<div id=\"menu-rounder\" class=\"menu-rounder menu-rounder--opened-all\">\n<div id=\"menu-cascade\" class=\"menu-cascade\" data-menu-index=\"0\">\n<p>A procuradora-geral da Rep\u00fablica,\u00a0Raquel Dodge, apresentou na noite desta quarta-feira (15) ao Tribunal Superior Eleitoral (TSE) a impugna\u00e7\u00e3o (questionamento) da candidatura do ex-presidente\u00a0Luiz In\u00e1cio Lula da Silva\u00a0(PT) \u00e0 Presid\u00eancia da Rep\u00fablica.<\/p>\n<\/div>\n<\/div>\n<\/nav>\n<p class=\"content-text__container \" data-track-category=\"Link no Texto\" data-track-links=\"\">O questionamento ser\u00e1 analisado pelo ministro\u00a0Lu\u00eds Roberto Barroso, vice-presidente do TSE e relator do pedido de registro.<\/p>\n<\/div>\n<div class=\"mc-column content-text active-extra-styles \" data-block-type=\"unstyled\" data-block-weight=\"29\" data-block-id=\"3\">\n<p class=\"content-text__container \" data-track-category=\"Link no Texto\" data-track-links=\"\">O PT\u00a0registrou a candidatura de Lula\u00a0na tarde desta quarta, ap\u00f3s uma\u00a0marcha e um ato em frente ao TSE\u00a0com a presen\u00e7a de pol\u00edticos poiadores da candidatura.<\/p>\n<\/div>\n<div class=\"mc-column content-text active-extra-styles \" data-block-type=\"unstyled\" data-block-weight=\"26\" data-block-id=\"4\">\n<p class=\"content-text__container \" data-track-category=\"Link no Texto\" data-track-links=\"\">Al\u00e9m da contesta\u00e7\u00e3o apresentada pela PGR, o tribunal tamb\u00e9m\u00a0recebeu outros questionamentos, apresentados por Kim Kataguiri, do Movimento Brasil Livre (MBL), e pelo ator Alexandre Frota.<\/p>\n<\/div>\n<p data-track-category=\"Link no Texto\" data-track-links=\"\">\n<p data-track-category=\"Link no Texto\" data-track-links=\"\"><strong>G1\/Foto: Reprodu\u00e7\u00e3o\u00a0<\/strong><\/p>\n<div class=\"content-block\">Cariri Em A\u00e7\u00e3o<\/div>\n<div class=\"content-block\">Leia mais not\u00edcias em\u00a0<a href=\"http:\/\/www.caririemacao.com\/\">caririemacao.com<\/a>, siga nossa p\u00e1gina no\u00a0<a href=\"https:\/\/www.facebook.com\/CaririEmAcao\/?ref=aymt_homepage_panel\">Facebook<\/a>,\u00a0<a href=\"https:\/\/www.instagram.com\/cariri_em_acao\/?hl=pt-br\">Instagram<\/a>\u00a0e\u00a0<a href=\"https:\/\/www.youtube.com\/channel\/UCAptA0jQuYQy8vMhLt2m4qg\">Youtube<\/a>\u00a0e veja nossas mat\u00e9rias, v\u00eddeos e fotos. Voc\u00ea tamb\u00e9m pode enviar informa\u00e7\u00f5es \u00e0 Reda\u00e7\u00e3o do Portal Cariri em A\u00e7\u00e3o pelo WhatsApp (83) 9 9634.5791, (83) 9 9601-1162.<\/div>\n","protected":false},"excerpt":{"rendered":"<p>A procuradora-geral da Rep\u00fablica,\u00a0Raquel Dodge, apresentou na noite desta quarta-feira (15) ao Tribunal Superior Eleitoral (TSE) a impugna\u00e7\u00e3o (questionamento) da candidatura do ex-presidente\u00a0Luiz In\u00e1cio Lula&hellip; <\/p>\n","protected":false},"author":1,"featured_media":35153,"comment_status":"closed","ping_status":"closed","sticky":false,"template":"","format":"standard","meta":{"sfsi_plus_gutenberg_text_before_share":"","sfsi_plus_gutenberg_show_text_before_share":"","sfsi_plus_gutenberg_icon_type":"","sfsi_plus_gutenberg_icon_alignemt":"","sfsi_plus_gutenburg_max_per_row":"","footnotes":""},"categories":[1],"tags":[],"class_list":["post-61647","post","type-post","status-publish","format-standard","has-post-thumbnail","hentry","category-o-site"],"_links":{"self":[{"href":"https:\/\/www.caririemacao.com\/1\/wp-json\/wp\/v2\/posts\/61647","targetHints":{"allow":["GET"]}}],"collection":[{"href":"https:\/\/www.caririemacao.com\/1\/wp-json\/wp\/v2\/posts"}],"about":[{"href":"https:\/\/www.caririemacao.com\/1\/wp-json\/wp\/v2\/types\/post"}],"author":[{"embeddable":true,"href":"https:\/\/www.caririemacao.com\/1\/wp-json\/wp\/v2\/users\/1"}],"replies":[{"embeddable":true,"href":"https:\/\/www.caririemacao.com\/1\/wp-json\/wp\/v2\/comments?post=61647"}],"version-history":[{"count":1,"href":"https:\/\/www.caririemacao.com\/1\/wp-json\/wp\/v2\/posts\/61647\/revisions"}],"predecessor-version":[{"id":61648,"href":"https:\/\/www.caririemacao.com\/1\/wp-json\/wp\/v2\/posts\/61647\/revisions\/61648"}],"wp:featuredmedia":[{"embeddable":true,"href":"https:\/\/www.caririemacao.com\/1\/wp-json\/wp\/v2\/media\/35153"}],"wp:attachment":[{"href":"https:\/\/www.caririemacao.com\/1\/wp-json\/wp\/v2\/media?parent=61647"}],"wp:term":[{"taxonomy":"category","embeddable":true,"href":"https:\/\/www.caririemacao.com\/1\/wp-json\/wp\/v2\/categories?post=61647"},{"taxonomy":"post_tag","embeddable":true,"href":"https:\/\/www.caririemacao.com\/1\/wp-json\/wp\/v2\/tags?post=61647"}],"curies":[{"name":"wp","href":"https:\/\/api.w.org\/{rel}","templated":true}]}}