{"id":61649,"date":"2018-08-15T21:40:16","date_gmt":"2018-08-16T00:40:16","guid":{"rendered":"http:\/\/caririemacao.com\/1\/?p=61649"},"modified":"2018-08-15T21:40:16","modified_gmt":"2018-08-16T00:40:16","slug":"publicado-novo-edital-para-selecao-de-professores-do-pronatec-com-vagas-para-sume","status":"publish","type":"post","link":"https:\/\/www.caririemacao.com\/1\/2018\/08\/15\/publicado-novo-edital-para-selecao-de-professores-do-pronatec-com-vagas-para-sume\/","title":{"rendered":"Publicado novo edital para sele\u00e7\u00e3o de professores do Pronatec com vagas para Sum\u00e9"},"content":{"rendered":"<div class=\"mc-article-body\">\n<article>\n<div class=\"mc-column content-text active-extra-styles active-capital-letter\" data-block-type=\"unstyled\" data-block-weight=\"44\" data-block-id=\"2\">\n<p class=\"content-text__container theme-color-primary-first-letter\" data-track-category=\"Link no Texto\" data-track-links=\"\">Foi publicado, nesta quarta-feira (15), o novo edital para sele\u00e7\u00e3o p\u00fablica simplificada de professores bolsistas do Mediotec do Programa Nacional de Acesso ao Ensino T\u00e9cnico e Emprego (Pronatec) na Para\u00edba. As inscri\u00e7\u00f5es s\u00e3o gratuitas e podem ser feitas de 16 a 18 de agosto.<\/p>\n<\/div>\n<div class=\"wall\">\n<div class=\"mc-column content-text active-extra-styles\" data-block-type=\"raw\" data-block-weight=\"10\" data-block-id=\"3\">\n<ul class=\"content-unordered-list\">\n<li><a href=\"http:\/\/static.paraiba.pb.gov.br\/2015\/06\/EDITAL-19-2018-PROFESSORES-MEDIOTEC-PRONATEC-1.pdf\" target=\"_blank\" rel=\"noopener\">Confira o edital para sele\u00e7\u00e3o de professor bolsista do Pronatec<\/a><\/li>\n<\/ul>\n<\/div>\n<div class=\"mc-column content-text active-extra-styles \" data-block-type=\"unstyled\" data-block-weight=\"26\" data-block-id=\"4\">\n<p class=\"content-text__container \" data-track-category=\"Link no Texto\" data-track-links=\"\">O\u00a0edital inicialmente divulgado para a sele\u00e7\u00e3o foi cancelado, tendo em vista a necessidade de altera\u00e7\u00f5es, segundo notas explicativas publicadas no site do programa na Para\u00edba.<\/p>\n<\/div>\n<div class=\"mc-column content-text active-extra-styles \" data-block-type=\"unstyled\" data-block-weight=\"37\" data-block-id=\"5\">\n<p class=\"content-text__container \" data-track-category=\"Link no Texto\" data-track-links=\"\">A assessoria de imprensa da Secretaria de Estado da Educa\u00e7\u00e3o informou que a publica\u00e7\u00e3o do processo seletivo no Di\u00e1rio Oficial do Estado deve ser feita nesta quinta-feira (16), com 252 vagas, sendo 12 para cadastro de reserva.<\/p>\n<\/div>\n<div class=\"mc-column content-text active-extra-styles \" data-block-type=\"unstyled\" data-block-weight=\"26\" data-block-id=\"6\">\n<p class=\"content-text__container \" data-track-category=\"Link no Texto\" data-track-links=\"\">Para realizar a inscri\u00e7\u00e3o, \u00e9 preciso preencher o\u00a0<a href=\"https:\/\/sites.google.com\/see.pb.gov.br\/pbtec-pb\/2018\/edital-para-professores-pronatec-192018-mediotec\" target=\"_blank\" rel=\"noopener\">formul\u00e1rio dispon\u00edvel na p\u00e1gina do Para\u00edbatec na internet<\/a>\u00a0e enviar as c\u00f3pias digitalizadas dos documentos solicitados no edital.<\/p>\n<\/div>\n<div class=\"mc-column content-text active-extra-styles \" data-block-type=\"unstyled\" data-block-weight=\"41\" data-block-id=\"7\">\n<p class=\"content-text__container \" data-track-category=\"Link no Texto\" data-track-links=\"\">A remunera\u00e7\u00e3o dos selecionados deve ser feita por meio da concess\u00e3o de bolsas e o pagamento deve obedecer aos valores determinados no edital por hora de trabalho, sendo: R$ 35 (gradua\u00e7\u00e3o\/licenciatura\/bacharelado\/tecn\u00f3logo), R$ 40 (especializa\u00e7\u00e3o), R$ 45 (mestrado) e R$ 50 (doutorado).<\/p>\n<\/div>\n<div class=\"mc-column content-text active-extra-styles \" data-block-type=\"unstyled\" data-block-weight=\"20\" data-block-id=\"8\">\n<p class=\"content-text__container \" data-track-category=\"Link no Texto\" data-track-links=\"\">De acordo com o edital, o processo seletivo vai ocorrer por meio de avalia\u00e7\u00e3o curricular, com car\u00e1ter eliminat\u00f3rio e classificat\u00f3rio.<\/p>\n<\/div>\n<div class=\"mc-column content-text active-extra-styles \" data-block-type=\"unstyled\" data-block-weight=\"48\" data-block-id=\"9\">\n<p class=\"content-text__container \" data-track-category=\"Link no Texto\" data-track-links=\"\">S\u00e3o oferecidas vagas para professor nos cursos de t\u00e9cnico em administra\u00e7\u00e3o, t\u00e9cnico seguran\u00e7a do trabalho, t\u00e9cnico de inform\u00e1tica, t\u00e9cnico em guia de turismo, t\u00e9cnico em programa\u00e7\u00e3o de jogos digitais, t\u00e9cnico em eventos, t\u00e9cnico em hospedagem, t\u00e9cnico em marketing, t\u00e9cnico em confeitaria, t\u00e9cnico em contabilidade, e t\u00e9cnico em vendas.<\/p>\n<\/div>\n<div class=\"mc-column content-text active-extra-styles \" data-block-type=\"unstyled\" data-block-weight=\"37\" data-block-id=\"10\">\n<p class=\"content-text__container \" data-track-category=\"Link no Texto\" data-track-links=\"\">As oportunidades de ensino s\u00e3o oferecidas para cursos distribu\u00eddos entre os munic\u00edpios de Jo\u00e3o Pessoa, Bayeux, Campina Grande, Boqueir\u00e3o, Cabedelo, Cacimba de Dentro, Cajazeiras, Concei\u00e7\u00e3o, Conde, Guarabira, Ibiara, Mamanguape, Patos, Santa Rita, S\u00e3o Bento, Sousa e Sum\u00e9.<\/p>\n<\/div>\n<div class=\"mc-column content-text active-extra-styles\" data-block-type=\"raw\" data-block-weight=\"6\" data-block-id=\"11\">\n<div class=\"content-intertitle\">\n<h2>Sele\u00e7\u00e3o para professor bolsista do MedioTec<\/h2>\n<\/div>\n<\/div>\n<\/div>\n<div data-track-category=\"fim do conteudo\" data-track-action=\"ultimo chunk conteudo\" data-track-noninteraction=\"false\" data-track-scroll=\"entrada completa viewport\">\n<div class=\"mc-column content-text active-extra-styles\" data-block-type=\"raw\" data-block-weight=\"45\" data-block-id=\"12\">\n<ol class=\"content-unordered-list\">\n<li>Vagas: 252<\/li>\n<li>N\u00edvel: superior<\/li>\n<li>Valor da hora aula: R$ 35 (gradua\u00e7\u00e3o\/licenciatura\/bacharelado\/tecn\u00f3logo), R$ 40 (especializa\u00e7\u00e3o), R$ 45 (mestrado) e R$ 50 (doutorado)<\/li>\n<li>Prazo de inscri\u00e7\u00e3o: at\u00e9 18 de agosto de 2018<\/li>\n<li>Resultado final: 3 de setembro de 2018<\/li>\n<\/ol>\n<p><a href=\"http:\/\/static.paraiba.pb.gov.br\/2015\/06\/EDITAL-19-2018-PROFESSORES-MEDIOTEC-PRONATEC-1.pdf\" target=\"_blank\" rel=\"noopener\">Edital da sele\u00e7\u00e3o para professor bolsista do Pronatec<\/a><\/p>\n<\/div>\n<\/div>\n<\/article>\n<\/div>\n<p>&nbsp;<\/p>\n<p><strong>Vitrine do Cariri \/Foto: Reprodu\u00e7\u00e3o\u00a0<\/strong><\/p>\n<div class=\"content-block\">Cariri Em A\u00e7\u00e3o<\/div>\n<div class=\"content-block\">Leia mais not\u00edcias em\u00a0<a href=\"http:\/\/www.caririemacao.com\/\">caririemacao.com<\/a>, siga nossa p\u00e1gina no\u00a0<a href=\"https:\/\/www.facebook.com\/CaririEmAcao\/?ref=aymt_homepage_panel\">Facebook<\/a>,\u00a0<a href=\"https:\/\/www.instagram.com\/cariri_em_acao\/?hl=pt-br\">Instagram<\/a>\u00a0e\u00a0<a href=\"https:\/\/www.youtube.com\/channel\/UCAptA0jQuYQy8vMhLt2m4qg\">Youtube<\/a>\u00a0e veja nossas mat\u00e9rias, v\u00eddeos e fotos. Voc\u00ea tamb\u00e9m pode enviar informa\u00e7\u00f5es \u00e0 Reda\u00e7\u00e3o do Portal Cariri em A\u00e7\u00e3o pelo WhatsApp (83) 9 9634.5791, (83) 9 9601-1162.<\/div>\n","protected":false},"excerpt":{"rendered":"<p>Foi publicado, nesta quarta-feira (15), o novo edital para sele\u00e7\u00e3o p\u00fablica simplificada de professores bolsistas do Mediotec do Programa Nacional de Acesso ao Ensino T\u00e9cnico&hellip; <\/p>\n","protected":false},"author":1,"featured_media":29678,"comment_status":"closed","ping_status":"closed","sticky":false,"template":"","format":"standard","meta":{"sfsi_plus_gutenberg_text_before_share":"","sfsi_plus_gutenberg_show_text_before_share":"","sfsi_plus_gutenberg_icon_type":"","sfsi_plus_gutenberg_icon_alignemt":"","sfsi_plus_gutenburg_max_per_row":"","footnotes":""},"categories":[14],"tags":[],"class_list":["post-61649","post","type-post","status-publish","format-standard","has-post-thumbnail","hentry","category-educacao"],"_links":{"self":[{"href":"https:\/\/www.caririemacao.com\/1\/wp-json\/wp\/v2\/posts\/61649","targetHints":{"allow":["GET"]}}],"collection":[{"href":"https:\/\/www.caririemacao.com\/1\/wp-json\/wp\/v2\/posts"}],"about":[{"href":"https:\/\/www.caririemacao.com\/1\/wp-json\/wp\/v2\/types\/post"}],"author":[{"embeddable":true,"href":"https:\/\/www.caririemacao.com\/1\/wp-json\/wp\/v2\/users\/1"}],"replies":[{"embeddable":true,"href":"https:\/\/www.caririemacao.com\/1\/wp-json\/wp\/v2\/comments?post=61649"}],"version-history":[{"count":1,"href":"https:\/\/www.caririemacao.com\/1\/wp-json\/wp\/v2\/posts\/61649\/revisions"}],"predecessor-version":[{"id":61654,"href":"https:\/\/www.caririemacao.com\/1\/wp-json\/wp\/v2\/posts\/61649\/revisions\/61654"}],"wp:featuredmedia":[{"embeddable":true,"href":"https:\/\/www.caririemacao.com\/1\/wp-json\/wp\/v2\/media\/29678"}],"wp:attachment":[{"href":"https:\/\/www.caririemacao.com\/1\/wp-json\/wp\/v2\/media?parent=61649"}],"wp:term":[{"taxonomy":"category","embeddable":true,"href":"https:\/\/www.caririemacao.com\/1\/wp-json\/wp\/v2\/categories?post=61649"},{"taxonomy":"post_tag","embeddable":true,"href":"https:\/\/www.caririemacao.com\/1\/wp-json\/wp\/v2\/tags?post=61649"}],"curies":[{"name":"wp","href":"https:\/\/api.w.org\/{rel}","templated":true}]}}