{"id":61661,"date":"2018-08-16T08:01:31","date_gmt":"2018-08-16T11:01:31","guid":{"rendered":"http:\/\/caririemacao.com\/1\/?p=61661"},"modified":"2018-08-16T08:01:31","modified_gmt":"2018-08-16T11:01:31","slug":"prefeito-eden-duarte-destaca-acoes-de-branco-mendes-para-sume-e-reafirma-apoio-a-reeleicao-do-deputado","status":"publish","type":"post","link":"https:\/\/www.caririemacao.com\/1\/2018\/08\/16\/prefeito-eden-duarte-destaca-acoes-de-branco-mendes-para-sume-e-reafirma-apoio-a-reeleicao-do-deputado\/","title":{"rendered":"Prefeito \u00c9den Duarte destaca a\u00e7\u00f5es de Branco Mendes para Sum\u00e9 e reafirma apoio \u00e0 reelei\u00e7\u00e3o do deputado"},"content":{"rendered":"<p>Atrav\u00e9s das redes sociais o prefeito de Sum\u00e9 \u00c9den Duarte (PSB) destacou as a\u00e7\u00f5es do deputado estadual Branco Mendes para Sum\u00e9.<\/p>\n<p>\u00c9den lembrou que foi de Branco Mendes a emenda para aquisi\u00e7\u00e3o do \u00f4nibus rodovi\u00e1rio que transporta os estudantes universit\u00e1rios para Campina Grande, emenda para a primeira Van de 21 lugares que era usada para o transporte dos pacientes da hemodi\u00e1lise, emenda para constru\u00e7\u00e3o da escola Maria Leite Rafael, recursos para aquisi\u00e7\u00e3o de caminhonete para a secretaria de educa\u00e7\u00e3o, auxilio na defesa de 74 servidores que seriam demitidos pela Prefeitura em 2007 e a participa\u00e7\u00e3o ativa na celebra\u00e7\u00e3o do conv\u00eanio com o FUNCEP (respons\u00e1vel pela manuten\u00e7\u00e3o do hospital de Sum\u00e9.<\/p>\n<p>O prefeito \u00c9den afirmou ainda, que com a reelei\u00e7\u00e3o de Branco Mendes, o deputado continuar\u00e1 sendo um grande parceiro para Sum\u00e9.<\/p>\n<p>&nbsp;<\/p>\n<p><strong><em>Cariri em Destaque<\/em><\/strong><\/p>\n<div class=\"content-block\">Cariri Em A\u00e7\u00e3o<\/div>\n<div class=\"content-block\">Leia mais not\u00edcias em\u00a0<a href=\"http:\/\/www.caririemacao.com\/\">caririemacao.com<\/a>, siga nossa p\u00e1gina no\u00a0<a href=\"https:\/\/www.facebook.com\/CaririEmAcao\/?ref=aymt_homepage_panel\">Facebook<\/a>,\u00a0<a href=\"https:\/\/www.instagram.com\/cariri_em_acao\/?hl=pt-br\">Instagram<\/a>\u00a0e\u00a0<a href=\"https:\/\/www.youtube.com\/channel\/UCAptA0jQuYQy8vMhLt2m4qg\">Youtube<\/a>\u00a0e veja nossas mat\u00e9rias, v\u00eddeos e fotos. Voc\u00ea tamb\u00e9m pode enviar informa\u00e7\u00f5es \u00e0 Reda\u00e7\u00e3o do Portal Cariri em A\u00e7\u00e3o pelo WhatsApp (83) 9 9634.5791, (83) 9 9601-1162.<\/div>\n<p>&nbsp;<\/p>\n","protected":false},"excerpt":{"rendered":"<p>Atrav\u00e9s das redes sociais o prefeito de Sum\u00e9 \u00c9den Duarte (PSB) destacou as a\u00e7\u00f5es do deputado estadual Branco Mendes para Sum\u00e9. \u00c9den lembrou que foi&hellip; <\/p>\n","protected":false},"author":1,"featured_media":56085,"comment_status":"closed","ping_status":"closed","sticky":false,"template":"","format":"standard","meta":{"sfsi_plus_gutenberg_text_before_share":"","sfsi_plus_gutenberg_show_text_before_share":"","sfsi_plus_gutenberg_icon_type":"","sfsi_plus_gutenberg_icon_alignemt":"","sfsi_plus_gutenburg_max_per_row":"","footnotes":""},"categories":[11],"tags":[],"class_list":["post-61661","post","type-post","status-publish","format-standard","has-post-thumbnail","hentry","category-politica"],"_links":{"self":[{"href":"https:\/\/www.caririemacao.com\/1\/wp-json\/wp\/v2\/posts\/61661","targetHints":{"allow":["GET"]}}],"collection":[{"href":"https:\/\/www.caririemacao.com\/1\/wp-json\/wp\/v2\/posts"}],"about":[{"href":"https:\/\/www.caririemacao.com\/1\/wp-json\/wp\/v2\/types\/post"}],"author":[{"embeddable":true,"href":"https:\/\/www.caririemacao.com\/1\/wp-json\/wp\/v2\/users\/1"}],"replies":[{"embeddable":true,"href":"https:\/\/www.caririemacao.com\/1\/wp-json\/wp\/v2\/comments?post=61661"}],"version-history":[{"count":1,"href":"https:\/\/www.caririemacao.com\/1\/wp-json\/wp\/v2\/posts\/61661\/revisions"}],"predecessor-version":[{"id":61662,"href":"https:\/\/www.caririemacao.com\/1\/wp-json\/wp\/v2\/posts\/61661\/revisions\/61662"}],"wp:featuredmedia":[{"embeddable":true,"href":"https:\/\/www.caririemacao.com\/1\/wp-json\/wp\/v2\/media\/56085"}],"wp:attachment":[{"href":"https:\/\/www.caririemacao.com\/1\/wp-json\/wp\/v2\/media?parent=61661"}],"wp:term":[{"taxonomy":"category","embeddable":true,"href":"https:\/\/www.caririemacao.com\/1\/wp-json\/wp\/v2\/categories?post=61661"},{"taxonomy":"post_tag","embeddable":true,"href":"https:\/\/www.caririemacao.com\/1\/wp-json\/wp\/v2\/tags?post=61661"}],"curies":[{"name":"wp","href":"https:\/\/api.w.org\/{rel}","templated":true}]}}